{"id":1672,"date":"2023-04-12T00:00:00","date_gmt":"2023-04-12T03:00:00","guid":{"rendered":"http:\/\/catolicanet.net\/wp-cnet\/sao-julio\/"},"modified":"2023-01-02T18:52:33","modified_gmt":"2023-01-02T21:52:33","slug":"sao-julio","status":"publish","type":"post","link":"https:\/\/catolicanet.net\/wp-cnet\/sao-julio\/","title":{"rendered":"S\u00e3o J\u00falio"},"content":{"rendered":"<p style=\"text-align: justify;\">O Martirol\u00f3gio Romano enumera nove santos e oito santas com esse nome e quase todos s\u00e3o m\u00e1rtires do primeiro s\u00e9culo do cristianismo. Mas, hoje, celebramos J\u00falio, o primeiro papa a tomar este nome, e que dirigiu a Igreja de 337 a 352.<\/p>\n<p style=\"text-align: justify;\">J\u00falio era de origem romana, filho de um certo cidad\u00e3o chamado R\u00fastico. Viveu no per\u00edodo em que a Igreja respirava a liberdade religiosa concedida pelo imperador Constantino, o Magno, em 313. Essa liberdade oferecia ao cristianismo melhores condi\u00e7\u00f5es de vida e expans\u00e3o da religi\u00e3o. Por outro lado, surgiram as primeiras heresias: donatismo, puritanismo na moral,e o arianismo, negando a divindade de Cristo.<\/p>\n<p style=\"text-align: justify;\">Com a morte de Constantino, os sucessores, infelizmente, favoreceram os partid\u00e1rios do arianismo. O papa J\u00falio I tomou a defesa e hospedou o patriarca de Alexandria, Atan\u00e1sio, o grande doutor da Igreja, batalhador da f\u00e9 no conc\u00edlio de Nic\u00e9ia e principal alvo do \u00f3dio dos arianos, que o tinham expulsado da sede patriarcal. O papa J\u00falio I convocou dois s\u00ednodos de bispos em que, com a condena\u00e7\u00e3o do semi-arianismo, Atan\u00e1sio foi reabilitado, recebendo cartas do papa que se felicitava com a Igreja de Alexandria, baluarte da ortodoxia crist\u00e3.<\/p>\n<p style=\"text-align: justify;\">O papa J\u00falio I construiu v\u00e1rias igrejas em Roma: a dos Santos Ap\u00f3stolos, a da Sant\u00edssima Maria de Trast\u00e9vere, e tr\u00eas mandou construir nos cemit\u00e9rios das vias Flav\u00ednia, Aur\u00e9lia e Portuense, respectivamente as igrejas de S\u00e3o Valentim, de S\u00e3o Calisto e de S\u00e3o F\u00e9lix. Cuidou da organiza\u00e7\u00e3o eclesi\u00e1stica e da catequese catecumenal, ou seja, dos adultos e mais velhos.<\/p>\n<p style=\"text-align: justify;\">Morreu em 352, ap\u00f3s quinze anos de pontificado. Foi sepultado no cemit\u00e9rio de Calep\u00f3dio, na via Aur\u00e9lia, numa igreja que ele tamb\u00e9m havia mandado edificar. Sua venera\u00e7\u00e3o come\u00e7ou entre os fi\u00e9is a partir do s\u00e9culo VII. Suas rel\u00edquias, segundo a tradi\u00e7\u00e3o, foram transladadas para a bas\u00edlica de S\u00e3o Praxedes a pedido do papa Pascoal I. O seu culto, que j\u00e1 fora autorizado, refloresceu em 1505, quando do seu translado para a bas\u00edlica da Sant\u00edssima Maria de Trast\u00e9vere, em Roma.<\/p>\n","protected":false},"excerpt":{"rendered":"<p>O Martirol\u00f3gio Romano enumera nove santos e oito santas com esse nome e quase todos s\u00e3o m\u00e1rtires do primeiro s\u00e9culo do cristianismo. Mas, hoje, celebramos J\u00falio, o primeiro papa a tomar este nome, e que dirigiu a Igreja de 337 a 352. J\u00falio era de origem romana, filho de um certo cidad\u00e3o chamado R\u00fastico. Viveu [&hellip;]<\/p>\n","protected":false},"author":1,"featured_media":22237,"comment_status":"closed","ping_status":"closed","sticky":false,"template":"","format":"standard","meta":{"footnotes":""},"categories":[32],"tags":[],"class_list":["post-1672","post","type-post","status-publish","format-standard","has-post-thumbnail","hentry","category-santo-do-dia"],"_links":{"self":[{"href":"https:\/\/catolicanet.net\/wp-cnet\/wp-json\/wp\/v2\/posts\/1672","targetHints":{"allow":["GET"]}}],"collection":[{"href":"https:\/\/catolicanet.net\/wp-cnet\/wp-json\/wp\/v2\/posts"}],"about":[{"href":"https:\/\/catolicanet.net\/wp-cnet\/wp-json\/wp\/v2\/types\/post"}],"author":[{"embeddable":true,"href":"https:\/\/catolicanet.net\/wp-cnet\/wp-json\/wp\/v2\/users\/1"}],"replies":[{"embeddable":true,"href":"https:\/\/catolicanet.net\/wp-cnet\/wp-json\/wp\/v2\/comments?post=1672"}],"version-history":[{"count":3,"href":"https:\/\/catolicanet.net\/wp-cnet\/wp-json\/wp\/v2\/posts\/1672\/revisions"}],"predecessor-version":[{"id":22238,"href":"https:\/\/catolicanet.net\/wp-cnet\/wp-json\/wp\/v2\/posts\/1672\/revisions\/22238"}],"wp:featuredmedia":[{"embeddable":true,"href":"https:\/\/catolicanet.net\/wp-cnet\/wp-json\/wp\/v2\/media\/22237"}],"wp:attachment":[{"href":"https:\/\/catolicanet.net\/wp-cnet\/wp-json\/wp\/v2\/media?parent=1672"}],"wp:term":[{"taxonomy":"category","embeddable":true,"href":"https:\/\/catolicanet.net\/wp-cnet\/wp-json\/wp\/v2\/categories?post=1672"},{"taxonomy":"post_tag","embeddable":true,"href":"https:\/\/catolicanet.net\/wp-cnet\/wp-json\/wp\/v2\/tags?post=1672"}],"curies":[{"name":"wp","href":"https:\/\/api.w.org\/{rel}","templated":true}]}}