{"id":16706,"date":"2016-08-02T12:07:34","date_gmt":"2016-08-02T15:07:34","guid":{"rendered":"http:\/\/catolicanet.net\/wp-cnet\/2016\/08\/02\/abandonar-se-em-deus\/"},"modified":"2017-05-08T09:53:49","modified_gmt":"2017-05-08T12:53:49","slug":"abandonar-se-em-deus","status":"publish","type":"post","link":"https:\/\/catolicanet.net\/wp-cnet\/abandonar-se-em-deus\/","title":{"rendered":"Abandonar-se em Deus"},"content":{"rendered":"<p style=\"text-align: justify;\">No encontro da Fraternidade Jesus+Caritas deste ano de 2016 do Nordeste, nos dias 26 e 27 de julho, foi enfocado o centen\u00e1rio do mart\u00edrio do bem-aventurado Charles de Foucauld. Lindolfo Euqueres, irm\u00e3ozinho do Evangelho de Jo\u00e3o Pessoa, ajudou-nos a viajar pelo Deserto do Saara, fixando-nos em Tamanrasset, lugar aben\u00e7oado e amado pelo Irm\u00e3o Carlos de Foucauld. L\u00e1 ele passou os \u00faltimos onze anos de sua vida, derramando seu sangue na areia daquele aben\u00e7oado deserto (1\/12\/1916). Tamb\u00e9m n\u00e3o nos esquecemos de visitar, pelo estudo do irm\u00e3o Lindolfo, a cidade de El Golea, na Arg\u00e9lia. L\u00e1 se encontram os restos mortais do nosso amigo e pai espiritual.<br \/>Como seria maravilhoso se cada pessoa soubesse compreender o valor das virtudes crist\u00e3s, a partir da simplicidade, da entrega e do despojamento, abra\u00e7ando, de todo o cora\u00e7\u00e3o, numa profunda compreens\u00e3o aos olhos da f\u00e9, o projeto do Deus-amor na sua beleza, preciosidade sublime e elevada, \u00fanico e maior tesouro, a ponto de se distanciar da l\u00f3gica do poder, da vaidade e da gan\u00e2ncia! Tudo por causa do\u00a0 encontro com o absoluto de Deus, tendo como condi\u00e7\u00e3o sine qua non a busca do \u00faltimo lugar, a convers\u00e3o permanente, a Eucaristia como o eixo, a ora\u00e7\u00e3o do abandono e o Evangelho da Cruz.<br \/>Numa sociedade contr\u00e1ria ao projeto de Deus, proclamado por Jesus de Nazar\u00e9, que tem como princ\u00edpio subir na vida, somos chamados a escutar o clamor de Deus no mais \u00edntimo da consci\u00eancia. No mundo com o estigma da insensatez e da aus\u00eancia de cora\u00e7\u00f5es generosos e solid\u00e1rios, somos desafiados, \u00e0 luz do Evangelho, de modo concreto, a mudar nosso estilo de vida. Na par\u00e1bola do agricultor rico e insensato, fechado em si mesmo e voltado para a l\u00f3gica do ac\u00famulo, que o esvazia e desumaniza, de armazenar e crescer a seguran\u00e7a de seu bem-estar, Jesus deixa claro que tudo dele \u00e9 loucura e tem por fim a frustra\u00e7\u00e3o e fracasso total.<br \/>O belo texto Em busca do \u00faltimo lugar, do Padre G\u00fcnter Lembradl, muito nos ajudou, no sentido de compreender o referido tema, a partir do seguinte paradoxo: \u201cDescer s\u00f3 pode quem j\u00e1 tem uma vida cheia; cheia de amor e de miseric\u00f3rdia, como Jesus Cristo que, estando na forma de Deus, renunciou ao direito de ser tratado como Deus. Pelo contr\u00e1rio, esvaziou-se a si mesmo e tomou a forma de servo, tornando-se semelhante aos homens. E sendo encontrado na figura de homem, rebaixou-se ainda mais, fazendo-se obediente at\u00e9 \u00e0 morte, e morte de cruz (cf. Fil. 2, 5ss). O \u00faltimo lugar n\u00e3o \u00e9 um lugar j\u00e1 definido e pronto que algu\u00e9m pode escolher, mas \u00e9 a op\u00e7\u00e3o de vida de algu\u00e9m de abandonar-se nas m\u00e3os de Deus, deixar-se guiar por Ele. Ao \u00faltimo lugar se chega ap\u00f3s uma longa caminhada de descer. Buscar o \u00faltimo lugar \u00e9 para gente corajosa que n\u00e3o tem medo de enfrentar aventuras\u201d.<br \/>Aprendamos com Charles de Foucauld, que, ao levar a Eucaristia para os irm\u00e3os no Deserto do Saara, ofereceu-lhes a mesma ternura e compaix\u00e3o do Filho de Deus, com uma enorme vontade de ser amigo de todos, bons e maus, de amar a todos, indistintamente. Quis ser, de verdade, o irm\u00e3o universal, assemelhando-se a Jesus de Nazar\u00e9 em tudo, sobretudo na sua paix\u00e3o e calv\u00e1rio. Am\u00e9m!<\/p>\n","protected":false},"excerpt":{"rendered":"<p>No encontro da Fraternidade Jesus+Caritas deste ano de 2016 do Nordeste, nos dias 26 e 27 de julho, foi enfocado o centen\u00e1rio do mart\u00edrio do bem-aventurado Charles de Foucauld. Lindolfo Euqueres, irm\u00e3ozinho do Evangelho de Jo\u00e3o Pessoa, ajudou-nos a viajar pelo Deserto do Saara, fixando-nos em Tamanrasset, lugar aben\u00e7oado e amado pelo Irm\u00e3o Carlos de [&hellip;]<\/p>\n","protected":false},"author":6,"featured_media":0,"comment_status":"open","ping_status":"open","sticky":false,"template":"","format":"standard","meta":{"footnotes":""},"categories":[9],"tags":[],"class_list":["post-16706","post","type-post","status-publish","format-standard","hentry","category-artigos"],"_links":{"self":[{"href":"https:\/\/catolicanet.net\/wp-cnet\/wp-json\/wp\/v2\/posts\/16706","targetHints":{"allow":["GET"]}}],"collection":[{"href":"https:\/\/catolicanet.net\/wp-cnet\/wp-json\/wp\/v2\/posts"}],"about":[{"href":"https:\/\/catolicanet.net\/wp-cnet\/wp-json\/wp\/v2\/types\/post"}],"author":[{"embeddable":true,"href":"https:\/\/catolicanet.net\/wp-cnet\/wp-json\/wp\/v2\/users\/6"}],"replies":[{"embeddable":true,"href":"https:\/\/catolicanet.net\/wp-cnet\/wp-json\/wp\/v2\/comments?post=16706"}],"version-history":[{"count":1,"href":"https:\/\/catolicanet.net\/wp-cnet\/wp-json\/wp\/v2\/posts\/16706\/revisions"}],"predecessor-version":[{"id":21408,"href":"https:\/\/catolicanet.net\/wp-cnet\/wp-json\/wp\/v2\/posts\/16706\/revisions\/21408"}],"wp:attachment":[{"href":"https:\/\/catolicanet.net\/wp-cnet\/wp-json\/wp\/v2\/media?parent=16706"}],"wp:term":[{"taxonomy":"category","embeddable":true,"href":"https:\/\/catolicanet.net\/wp-cnet\/wp-json\/wp\/v2\/categories?post=16706"},{"taxonomy":"post_tag","embeddable":true,"href":"https:\/\/catolicanet.net\/wp-cnet\/wp-json\/wp\/v2\/tags?post=16706"}],"curies":[{"name":"wp","href":"https:\/\/api.w.org\/{rel}","templated":true}]}}