{"id":16699,"date":"2016-08-01T17:30:43","date_gmt":"2016-08-01T20:30:43","guid":{"rendered":"http:\/\/catolicanet.net\/wp-cnet\/2016\/08\/01\/a-bebe-que-nasceu-em-plena-missa-do-papa-francisco-na-jmj-de-cracovia\/"},"modified":"2017-05-31T09:52:42","modified_gmt":"2017-05-31T12:52:42","slug":"a-bebe-que-nasceu-em-plena-missa-do-papa-francisco-na-jmj-de-cracovia","status":"publish","type":"post","link":"https:\/\/catolicanet.net\/wp-cnet\/a-bebe-que-nasceu-em-plena-missa-do-papa-francisco-na-jmj-de-cracovia\/","title":{"rendered":"A beb\u00ea que nasceu em plena missa do Papa Francisco na JMJ de Crac\u00f3via!"},"content":{"rendered":"<p style=\"text-align: justify;\"><img decoding=\"async\" src=\"http:\/\/www.catolicanet.com.br\/images\/stories\/noticias\/baby.jpg\" border=\"0\" align=\"left\" \/>Enquanto o Papa falava do nascimento de Jesus, as contra\u00e7\u00f5es foram ficando cada vez mais fortes&#8230;<\/p>\n<p>Sylwia Blady n\u00e3o ia ver o papa Francisco em Czestochowa \u2013 mas acabou decidindo visitar o santu\u00e1rio de Jasna Gora por causa de sua amiga, Beata, que queria participar da missa celebrada pelo Santo Padre na \u00faltima quinta-feira.<\/p>\n<p>Beata estava gr\u00e1vida de nove meses, mas ainda tinha tempo at\u00e9 a data prevista para o parto.<\/p>\n<p>As duas amigas se encontraram em Czestochowa, pegaram um bonde at\u00e9 a avenida da Bem-Aventurada Virgem Maria e se juntaram \u00e0 imensa multid\u00e3o ao amanhecer.<\/p>\n<p>Os fi\u00e9is esperavam com impaci\u00eancia o convidado de honra, que n\u00e3o tardaria. Por causa do estado avan\u00e7ado de gesta\u00e7\u00e3o de Beata, as amigas n\u00e3o tentaram abrir caminho no meio da multid\u00e3o: procuraram um lugar mais tranquilo.<\/p>\n<p>Ent\u00e3o\u2026 Uma contra\u00e7\u00e3o. Depois, outra\u2026<\/p>\n<p>Sylwia se preocupou, mas Beata a tranquilizou: \u201c\u00c9 alarme falso. Ainda n\u00e3o \u00e9 o dia marcado para o nascimento\u201d.<\/p>\n<p>Sylwia confiou nela. Afinal, mesmo que tivesse come\u00e7ado o trabalho de parto, normalmente h\u00e1 um bom espa\u00e7o de tempo entre a primeira contra\u00e7\u00e3o e o nascimento do beb\u00ea.<\/p>\n<p>A missa continuou. A primeira e a segunda leitura foram acompanhadas por outra contra\u00e7\u00e3o.<\/p>\n<p>Chegou ent\u00e3o o momento do Evangelho e da t\u00e3o esperada homilia do Papa, que tratou das palavras escritas por S\u00e3o Paulo sobre a vinda de Deus \u00e0 terra, nascido de uma mulher.<\/p>\n<p>Sylwia comentou, rindo, que at\u00e9 o Papa estava falando de nascimento, mas Beata, desta vez, n\u00e3o p\u00f4de rir: ela j\u00e1 estremecia de dor. Apesar de outra contra\u00e7\u00e3o, no entanto, ela assegurou \u00e0 sua amiga que tudo continuava sob controle.<\/p>\n<p>Mas Sylwia n\u00e3o escutou mais a homilia do Papa. Ficou repetindo em sua mente as palavras do in\u00edcio da missa: \u201cDeus nascido de uma mulher\u201d. Ent\u00e3o ela tremeu: Deus estava a ponto de se manifestar, diante dos seus olhos, agora, em mais uma crian\u00e7a que vinha ao mundo!<\/p>\n<p>As duas amigas finalmente reconheceram o que estava acontecendo.<\/p>\n<p>Por obra da Provid\u00eancia, havia uma ambul\u00e2ncia n\u00e3o muito longe dali. Ao ver aquela mulher gr\u00e1vida de rosto retorcido de dor, a equipe m\u00e9dica n\u00e3o teve d\u00favidas: examinou Beata e a levou de imediato at\u00e9 o hospital mais pr\u00f3ximo.<\/p>\n<p>Em entrevista com a Aleteia, Sylwia relata:<\/p>\n<p>\u201cEm circunst\u00e2ncias normais, eu teria entrado em p\u00e2nico! Mas, naquele momento, eu sentia emo\u00e7\u00f5es maravilhosas que n\u00e3o sentia fazia muito tempo! Meus olhos iam e voltavam de Beata para a imagem de Nossa Senhora de Jasna Gora e eu pensava no quanto elas se pareciam\u201d.<\/p>\n<p>\u201cNa ambul\u00e2ncia, n\u00e3o me lembro de nenhuma frase s\u00e9ria nem de qualquer sombra de inquieta\u00e7\u00e3o\u201d.<\/p>\n<p>\u201cA Beata queria atrasar a ambul\u00e2ncia para receber a Santa Comunh\u00e3o, mas o doutor sugeriu que eu a recebesse em sua inten\u00e7\u00e3o\u201d.<\/p>\n<p>Sylwia ficou perto do santu\u00e1rio e, a pedido de Beata, recebeu a Comunh\u00e3o e a ofereceu de modo especial pela sua nen\u00e9m.<\/p>\n<p>N\u00e3o se sabe ao certo como, mas o Papa ficou sabendo da not\u00edcia do nascimento!<\/p>\n<p>Atrav\u00e9s do seu secret\u00e1rio, Francisco enviou a sua b\u00ean\u00e7\u00e3o a Beata e \u00e0 sua bebezinha.<\/p>\n<p>Clara Francisca nasceu \u00e0s 14h31, em um hospital de Czestochowa, logo antes da hora da Divina Miseric\u00f3rdia, eixo do pontificado do Santo Padre.<\/p>\n<p>Clara \u00e9 o nome que os pais tinham escolhido j\u00e1 fazia tempo. E Francisca surgiu como segundo nome por\u2026 ora, por motivos \u00f3bvios! \u201cBrincamos que o Santo Padre tinha que ser o padrinho\u201d, conta Sylwia.<\/p>\n<p>E Sylwia tamb\u00e9m nos respondeu sobre o que sente agora.<\/p>\n<p>Ela acha que foi um milagre? Uma gra\u00e7a? Um sinal? Deixemos que ela mesma nos diga:<\/p>\n<p>\u201cPara mim, \u00e9 uma incr\u00edvel onda de gra\u00e7a! Eu vou me lembrar do dia 28 de julho de 2016 como um grande dia! Esta hist\u00f3ria eu vou contar para os meus filhos. Tenho certeza de que esta jornada \u00e9 um enorme dom de Deus! Eu n\u00e3o esperava um presente de Deus dessas dimens\u00f5es: sa\u00ed transformada!\u201d.<\/p>\n<p>\u201cAntes de sair de Czestochowa, eu voltei para a avenida que leva at\u00e9 o santu\u00e1rio. Elevei os olhos para admir\u00e1-lo, me enchi de gratid\u00e3o e louvei o Senhor em voz alta: Gl\u00f3ria a ti, Pai Sant\u00edssimo, ao Filho e ao Esp\u00edrito Santo! N\u00e3o parei de sorrir em todo o caminho de volta! Meu cora\u00e7\u00e3o estava cheio de uma alegria nova!\u201d.<\/p>\n<p style=\"text-align: justify;\">\u00a0<\/p>\n<p style=\"text-align: justify;\">Fonte: Aleteia<\/p>\n","protected":false},"excerpt":{"rendered":"<p>Enquanto o Papa falava do nascimento de Jesus, as contra\u00e7\u00f5es foram ficando cada vez mais fortes&#8230; Sylwia Blady n\u00e3o ia ver o papa Francisco em Czestochowa \u2013 mas acabou decidindo visitar o santu\u00e1rio de Jasna Gora por causa de sua amiga, Beata, que queria participar da missa celebrada pelo Santo Padre na \u00faltima quinta-feira. Beata [&hellip;]<\/p>\n","protected":false},"author":1,"featured_media":16698,"comment_status":"open","ping_status":"open","sticky":false,"template":"","format":"standard","meta":{"footnotes":""},"categories":[4],"tags":[],"class_list":["post-16699","post","type-post","status-publish","format-standard","has-post-thumbnail","hentry","category-cotidiano"],"_links":{"self":[{"href":"https:\/\/catolicanet.net\/wp-cnet\/wp-json\/wp\/v2\/posts\/16699","targetHints":{"allow":["GET"]}}],"collection":[{"href":"https:\/\/catolicanet.net\/wp-cnet\/wp-json\/wp\/v2\/posts"}],"about":[{"href":"https:\/\/catolicanet.net\/wp-cnet\/wp-json\/wp\/v2\/types\/post"}],"author":[{"embeddable":true,"href":"https:\/\/catolicanet.net\/wp-cnet\/wp-json\/wp\/v2\/users\/1"}],"replies":[{"embeddable":true,"href":"https:\/\/catolicanet.net\/wp-cnet\/wp-json\/wp\/v2\/comments?post=16699"}],"version-history":[{"count":1,"href":"https:\/\/catolicanet.net\/wp-cnet\/wp-json\/wp\/v2\/posts\/16699\/revisions"}],"predecessor-version":[{"id":25498,"href":"https:\/\/catolicanet.net\/wp-cnet\/wp-json\/wp\/v2\/posts\/16699\/revisions\/25498"}],"wp:featuredmedia":[{"embeddable":true,"href":"https:\/\/catolicanet.net\/wp-cnet\/wp-json\/wp\/v2\/media\/16698"}],"wp:attachment":[{"href":"https:\/\/catolicanet.net\/wp-cnet\/wp-json\/wp\/v2\/media?parent=16699"}],"wp:term":[{"taxonomy":"category","embeddable":true,"href":"https:\/\/catolicanet.net\/wp-cnet\/wp-json\/wp\/v2\/categories?post=16699"},{"taxonomy":"post_tag","embeddable":true,"href":"https:\/\/catolicanet.net\/wp-cnet\/wp-json\/wp\/v2\/tags?post=16699"}],"curies":[{"name":"wp","href":"https:\/\/api.w.org\/{rel}","templated":true}]}}