{"id":16695,"date":"2016-08-01T14:57:51","date_gmt":"2016-08-01T17:57:51","guid":{"rendered":"http:\/\/catolicanet.net\/wp-cnet\/2016\/08\/01\/americapanama-jmj-2019-de-cracovia-a-panama-a-primeira-diocese-fundada-na-america\/"},"modified":"2017-05-31T09:52:42","modified_gmt":"2017-05-31T12:52:42","slug":"americapanama-jmj-2019-de-cracovia-a-panama-a-primeira-diocese-fundada-na-america","status":"publish","type":"post","link":"https:\/\/catolicanet.net\/wp-cnet\/americapanama-jmj-2019-de-cracovia-a-panama-a-primeira-diocese-fundada-na-america\/","title":{"rendered":"AM\u00c9RICA\/PANAM\u00c1 &#8211; JMJ 2019: de Crac\u00f3via a Panam\u00e1, a primeira diocese fundada na Am\u00e9rica"},"content":{"rendered":"<p style=\"text-align: justify;\"><img decoding=\"async\" src=\"http:\/\/www.catolicanet.com.br\/images\/stories\/noticias\/primopiano_2197.jpg\" border=\"0\" align=\"left\" \/>Cidade de Panam\u00e1 (Ag\u00eancia Fides) \u2013 Ap\u00f3s o an\u00fancio que Panam\u00e1 ser\u00e1 a sede da pr\u00f3xima Jornada Mundial da Juventude de 2019, os Bispos presentes em Crac\u00f3via expressaram grande satisfa\u00e7\u00e3o, assegurando que Panam\u00e1 est\u00e1 \u00e0 altura de organizar a JMJ de 2019.<\/p>\n<p>O Cardeal Jos\u00e9 Luis Lacunza, bispo da diocese de David (Panam\u00e1) disse ontem em Crac\u00f3via que \u201cn\u00e3o obstante as d\u00favidas de muitos, Panam\u00e1 ser\u00e1 certamente capaz de organizar a Jornada Mundial da Juventude 2019, um encontro que servir\u00e1 para despertar os jovens, n\u00e3o apenas no Panam\u00e1, mas em toda a Am\u00e9rica Latina&#8221;.<\/p>\n<p>O Arcebispo de Panam\u00e1, Dom Jos\u00e9 Domingo Ulloa, em um breve pronunciamento, disse que a pr\u00f3xima Jornada da Juventude no Panam\u00e1 \u201cser\u00e1 um b\u00e1lsamo para os jovens da Am\u00e9rica Central\u201d, regi\u00e3o em que \u201ca grande maioria dos jovens vive na pobreza e vivem sob o risco da migra\u00e7\u00e3o, do tr\u00e1fico de drogas e da viol\u00eancia. Eis porqu\u00ea a JMJ ser\u00e1 um est\u00edmulo para que os jovens da Am\u00e9rica Central consigam encontrar o caminho de Deus\u201d. Dom Ulloa recordou depois que Panam\u00e1 \u00e9 a primeira diocese fundada na Am\u00e9rica, em 1513, de onde partiu a evangeliza\u00e7\u00e3o de todo o continente.<\/p>\n<p style=\"text-align: justify;\">\u00a0<\/p>\n<p style=\"text-align: justify;\">Fonte: Ag\u00eancia Fides<\/p>\n","protected":false},"excerpt":{"rendered":"<p>Cidade de Panam\u00e1 (Ag\u00eancia Fides) \u2013 Ap\u00f3s o an\u00fancio que Panam\u00e1 ser\u00e1 a sede da pr\u00f3xima Jornada Mundial da Juventude de 2019, os Bispos presentes em Crac\u00f3via expressaram grande satisfa\u00e7\u00e3o, assegurando que Panam\u00e1 est\u00e1 \u00e0 altura de organizar a JMJ de 2019. O Cardeal Jos\u00e9 Luis Lacunza, bispo da diocese de David (Panam\u00e1) disse ontem [&hellip;]<\/p>\n","protected":false},"author":1,"featured_media":16694,"comment_status":"open","ping_status":"open","sticky":false,"template":"","format":"standard","meta":{"footnotes":""},"categories":[4],"tags":[],"class_list":["post-16695","post","type-post","status-publish","format-standard","has-post-thumbnail","hentry","category-cotidiano"],"_links":{"self":[{"href":"https:\/\/catolicanet.net\/wp-cnet\/wp-json\/wp\/v2\/posts\/16695","targetHints":{"allow":["GET"]}}],"collection":[{"href":"https:\/\/catolicanet.net\/wp-cnet\/wp-json\/wp\/v2\/posts"}],"about":[{"href":"https:\/\/catolicanet.net\/wp-cnet\/wp-json\/wp\/v2\/types\/post"}],"author":[{"embeddable":true,"href":"https:\/\/catolicanet.net\/wp-cnet\/wp-json\/wp\/v2\/users\/1"}],"replies":[{"embeddable":true,"href":"https:\/\/catolicanet.net\/wp-cnet\/wp-json\/wp\/v2\/comments?post=16695"}],"version-history":[{"count":1,"href":"https:\/\/catolicanet.net\/wp-cnet\/wp-json\/wp\/v2\/posts\/16695\/revisions"}],"predecessor-version":[{"id":25499,"href":"https:\/\/catolicanet.net\/wp-cnet\/wp-json\/wp\/v2\/posts\/16695\/revisions\/25499"}],"wp:featuredmedia":[{"embeddable":true,"href":"https:\/\/catolicanet.net\/wp-cnet\/wp-json\/wp\/v2\/media\/16694"}],"wp:attachment":[{"href":"https:\/\/catolicanet.net\/wp-cnet\/wp-json\/wp\/v2\/media?parent=16695"}],"wp:term":[{"taxonomy":"category","embeddable":true,"href":"https:\/\/catolicanet.net\/wp-cnet\/wp-json\/wp\/v2\/categories?post=16695"},{"taxonomy":"post_tag","embeddable":true,"href":"https:\/\/catolicanet.net\/wp-cnet\/wp-json\/wp\/v2\/tags?post=16695"}],"curies":[{"name":"wp","href":"https:\/\/api.w.org\/{rel}","templated":true}]}}