{"id":16693,"date":"2016-08-01T14:52:58","date_gmt":"2016-08-01T17:52:58","guid":{"rendered":"http:\/\/catolicanet.net\/wp-cnet\/2016\/08\/01\/americasuriname-redentoristas-em-suriname-150-anos-de-trabalho-missionario-em-defesa-dos-escravos\/"},"modified":"2017-05-31T09:52:42","modified_gmt":"2017-05-31T12:52:42","slug":"americasuriname-redentoristas-em-suriname-150-anos-de-trabalho-missionario-em-defesa-dos-escravos","status":"publish","type":"post","link":"https:\/\/catolicanet.net\/wp-cnet\/americasuriname-redentoristas-em-suriname-150-anos-de-trabalho-missionario-em-defesa-dos-escravos\/","title":{"rendered":"AM\u00c9RICA\/SURINAME &#8211; Redentoristas em Suriname: 150 anos de trabalho mission\u00e1rio em defesa dos escravos"},"content":{"rendered":"<p style=\"text-align: justify;\"><img decoding=\"async\" src=\"http:\/\/www.catolicanet.com.br\/images\/stories\/noticias\/primopiano_2198.jpg\" border=\"0\" align=\"left\" \/>Paramaribo (Ag\u00eancia Fides) \u2013 Hoje, 1\u00ba de agosto de 2016, festa lit\u00fargica de Santo Afonso Maria de Liguori, celebra-se um anivers\u00e1rio mission\u00e1rio: 150 anos da presen\u00e7a Redentorista e da Miss\u00e3o em Suriname. A data \u00e9 celebrada de modo solene em Paramaribo, onde os Redentoristas t\u00eam presen\u00e7a hist\u00f3rica, marcada pela obra mission\u00e1ria e a defesa dos direitos e da dignidade humana.<\/p>\n<p>Em 31 de agosto de 1865, o Beato Papa Pio IX promulgou o decreto de entrega do Vicariato Apost\u00f3lico da Guiana Holandesa (mais tarde conhecida como Suriname) aos cuidados da Prov\u00edncia holandesa da Congrega\u00e7\u00e3o redentorista. No momento em que a Congrega\u00e7\u00e3o aceitou este compromisso mission\u00e1rio, foi marcado um novo cap\u00edtulo da missio ad gentes. Em mar\u00e7o de 1866, Dom Jan Swinkels, C.Ss.R., e tr\u00eas Redentoristas mission\u00e1rios chegaram a Paramaribo. Durante 135 anos, a Igreja ficou confiada \u00e0 Prov\u00edncia Holandesa. Infelizmente, nas d\u00e9cadas de 80 e 90, esta prov\u00edncia n\u00e3o conseguiu mais enviar mission\u00e1rios e apenas tr\u00eas nativos de Suriname entraram na Ordem. Levando em considera\u00e7\u00e3o os desafios da presen\u00e7a mission\u00e1ria redentorista em Suriname, o Governo Geral pediu \u00e0 Uni\u00e3o dos Redentoristas do Brasil (URB) que aceitasse cuidar desta Miss\u00e3o.<\/p>\n<p>O mission\u00e1rio Redentorista mais conhecido na hist\u00f3ria de Suriname \u00e9 sem d\u00favida os Beato Peter Donders, C.Ss.R. Em sua chegada ao pa\u00eds (1842), Pe. Peter Donders fez imediatamente trabalho mission\u00e1rio visitando planta\u00e7\u00f5es, pregando a palavra e celebrando os Sacramentos, com aten\u00e7\u00e3o especial aos escravos. Paramaribo era um centro de com\u00e9rcio de escravos e a escravid\u00e3o em Suriname, at\u00e9 1863, n\u00e3o foi abolida. Algumas cartas de Donders expressam a sua indigna\u00e7\u00e3o contra o duro m\u00e9todo de tratamento reservado aos africanos, for\u00e7ados ao trabalho em planta\u00e7\u00f5es.<\/p>\n<p style=\"text-align: justify;\">\u00a0<\/p>\n<p style=\"text-align: justify;\">Fonte: Ag\u00eancia Fides<\/p>\n<p style=\"text-align: justify;\">\u00a0<\/p>\n<p style=\"text-align: justify;\">\u00a0<\/p>\n","protected":false},"excerpt":{"rendered":"<p>Paramaribo (Ag\u00eancia Fides) \u2013 Hoje, 1\u00ba de agosto de 2016, festa lit\u00fargica de Santo Afonso Maria de Liguori, celebra-se um anivers\u00e1rio mission\u00e1rio: 150 anos da presen\u00e7a Redentorista e da Miss\u00e3o em Suriname. A data \u00e9 celebrada de modo solene em Paramaribo, onde os Redentoristas t\u00eam presen\u00e7a hist\u00f3rica, marcada pela obra mission\u00e1ria e a defesa dos [&hellip;]<\/p>\n","protected":false},"author":1,"featured_media":16692,"comment_status":"open","ping_status":"open","sticky":false,"template":"","format":"standard","meta":{"footnotes":""},"categories":[4],"tags":[],"class_list":["post-16693","post","type-post","status-publish","format-standard","has-post-thumbnail","hentry","category-cotidiano"],"_links":{"self":[{"href":"https:\/\/catolicanet.net\/wp-cnet\/wp-json\/wp\/v2\/posts\/16693","targetHints":{"allow":["GET"]}}],"collection":[{"href":"https:\/\/catolicanet.net\/wp-cnet\/wp-json\/wp\/v2\/posts"}],"about":[{"href":"https:\/\/catolicanet.net\/wp-cnet\/wp-json\/wp\/v2\/types\/post"}],"author":[{"embeddable":true,"href":"https:\/\/catolicanet.net\/wp-cnet\/wp-json\/wp\/v2\/users\/1"}],"replies":[{"embeddable":true,"href":"https:\/\/catolicanet.net\/wp-cnet\/wp-json\/wp\/v2\/comments?post=16693"}],"version-history":[{"count":1,"href":"https:\/\/catolicanet.net\/wp-cnet\/wp-json\/wp\/v2\/posts\/16693\/revisions"}],"predecessor-version":[{"id":25500,"href":"https:\/\/catolicanet.net\/wp-cnet\/wp-json\/wp\/v2\/posts\/16693\/revisions\/25500"}],"wp:featuredmedia":[{"embeddable":true,"href":"https:\/\/catolicanet.net\/wp-cnet\/wp-json\/wp\/v2\/media\/16692"}],"wp:attachment":[{"href":"https:\/\/catolicanet.net\/wp-cnet\/wp-json\/wp\/v2\/media?parent=16693"}],"wp:term":[{"taxonomy":"category","embeddable":true,"href":"https:\/\/catolicanet.net\/wp-cnet\/wp-json\/wp\/v2\/categories?post=16693"},{"taxonomy":"post_tag","embeddable":true,"href":"https:\/\/catolicanet.net\/wp-cnet\/wp-json\/wp\/v2\/tags?post=16693"}],"curies":[{"name":"wp","href":"https:\/\/api.w.org\/{rel}","templated":true}]}}