{"id":16691,"date":"2016-08-01T14:39:49","date_gmt":"2016-08-01T17:39:49","guid":{"rendered":"http:\/\/catolicanet.net\/wp-cnet\/2016\/08\/01\/oracao-do-papa-francisco-em-cracovia-pelo-fim-do-terrorismo-no-mundo\/"},"modified":"2017-05-31T09:52:42","modified_gmt":"2017-05-31T12:52:42","slug":"oracao-do-papa-francisco-em-cracovia-pelo-fim-do-terrorismo-no-mundo","status":"publish","type":"post","link":"https:\/\/catolicanet.net\/wp-cnet\/oracao-do-papa-francisco-em-cracovia-pelo-fim-do-terrorismo-no-mundo\/","title":{"rendered":"Ora\u00e7\u00e3o do Papa Francisco em Crac\u00f3via pelo fim do terrorismo no mundo"},"content":{"rendered":"<p style=\"text-align: justify;\"><img decoding=\"async\" src=\"http:\/\/www.catolicanet.com.br\/images\/stories\/papas\/franciscomartires_lor_300716.jpg\" border=\"0\" align=\"left\" \/>CRAC\u00d3VIA.- O Papa Francisco rezou no s\u00e1bado, 30, pelo fim da viol\u00eancia e do terrorismo no mundo, diante das rel\u00edquias dos beatos Michele Tomaszek e Zbigneo Strzalkowski, que foram assassinados em 1991 pelo grupo terrorista Sendero Luminoso, no Peru.<\/p>\n<p>Estes jovens m\u00e1rtires foram recordados na cerim\u00f4nia de acolhida da Jornada Mundial da Juventude (JMJ) Crac\u00f3via 2016, realizada na quinta-feira, 28 de julho, no Parque Jordan, localizado em Blonia.<\/p>\n<p>Antes de dirigir-se ao Campus Misericordiae para presidir a Vig\u00edlia de ora\u00e7\u00e3o com 1,6 milh\u00f5es de jovens reunidos na JMJ, o Pont\u00edfice passou pela Igreja S\u00e3o Francisco para rezar durante alguns minutos.<\/p>\n<p>O Santo Padre visitou esta Igreja por volta das 18h (hora local), localizada muito perto do Pal\u00e1cio do Arcebispado de Crac\u00f3via. No templo, rezou acompanhado de alguns familiares dos m\u00e1rtires.<\/p>\n<p>Os beatos Michele Tomaszek e Zbigneo Strzalkowski pertenciam \u00e0 Ordem dos Irm\u00e3os Menores Conventuais. Foram assassinados por \u00f3dio \u00e0 f\u00e9 em 9 de agosto de 1991, pelo grupo terrorista mao\u00edsta Sendero Luminoso, que naqueles anos semeava o terror no Peru.<\/p>\n<p>Ambos serviam na regi\u00e3o de Pariacoto, nos Andes de Ancash, Peru, pa\u00eds onde viviam h\u00e1 onze anos e que naquela \u00e9poca tentava sair da profunda crise econ\u00f4mica na qual se encontrava.<\/p>\n<p>Na \u00e9poca, os terroristas do Sendero Luminoso continuavam assassinando milhares de civis e autoridades em povoados e cidades \u2013 incluindo a capital \u2013, com o fim de instaurar um regime comunista.<\/p>\n<p>Estes dois religiosos poloneses foram beatificados em 5 de dezembro de 2015 no Peru, junto com o sacerdote italiano Pe. Alessandro Dordi.<\/p>\n<p>A seguir, o texto completo da ora\u00e7\u00e3o que o Santo Padre fez na igreja S\u00e3o Francisco:<\/p>\n<p>Ora\u00e7\u00e3o pela paz e pelo fim da viol\u00eancia e do terrorismo<\/p>\n<p>\u201cDeus todo-poderoso e misericordioso, Senhor do universo e da hist\u00f3ria.<\/p>\n<p>Tudo o que criastes \u00e9 bom e vossa compaix\u00e3o pelos erros humanos \u00e9 inesgot\u00e1vel.<\/p>\n<p>Hoje, vimos at\u00e9 v\u00f3s para pedir-vos a salva\u00e7\u00e3o do mundo e a paz entre seus habitantes, longe das ondas devastadoras do terrorismo; restitu\u00ed a amizade e incuti nos cora\u00e7\u00f5es das vossas criaturas o dom da confian\u00e7a e a disposi\u00e7\u00e3o de perdoar.<\/p>\n<p>Doador da Vida, pedimos-vos tamb\u00e9m por todos os que morreram como v\u00edtimas dos brutais ataques terroristas. Concedei-lhes a recompensa eterna. Intercedei pelo mundo dilacerado pelos conflitos e contrastes.<\/p>\n<p>\u00d3 Jesus, Pr\u00edncipe da Paz, n\u00f3s vos pedimos pelos que foram feridos por atos da viol\u00eancia desumana: crian\u00e7as e jovens, homens e mulheres, idosos, pessoas inocentes, envolvidos apenas pela fatalidade do mal. Curai seus corpos e seus cora\u00e7\u00f5es e consolai-os com a vossa for\u00e7a, cancelando, ao mesmo tempo, o \u00f3dio e desejo de vingan\u00e7a.<\/p>\n<p>Esp\u00edrito Santo Consolador, visitai as fam\u00edlias das v\u00edtimas do terrorismo, fam\u00edlias que sofrem sem ter culpa. Protegei-as com o manto da vossa miseric\u00f3rdia divina.<\/p>\n<p>Fazei que reencontrem em v\u00f3s e em si mesmas a for\u00e7a e a coragem de continuar a ser irm\u00e3os e irm\u00e3s, uns dos outros, especialmente dos imigrantes, testemunhando vosso amor com a pr\u00f3pria vida.<\/p>\n<p>Tocai os cora\u00e7\u00f5es dos terroristas, para que reconhe\u00e7am a maldade das suas a\u00e7\u00f5es e retomem o caminho da paz e do bem, do respeito pela vida e a dignidade de cada pessoa, independentemente da religi\u00e3o, da proveni\u00eancia, da riqueza ou da pobreza.<\/p>\n<p>\u00d3 Deus, Pai Eterno, em vossa miseric\u00f3rdia atendei a ora\u00e7\u00e3o que vos elevamos, entre o barulho e o desespero do mundo.<\/p>\n<p>Dirigimo-nos a v\u00f3s com grande esperan\u00e7a, cheios de confian\u00e7a na vossa infinita Miseric\u00f3rdia, confiando na intercess\u00e3o da vossa M\u00e3e Sant\u00edssima, e fortalecidos pelo exemplo dos m\u00e1rtires do Peru, Zbigniew e Michel, que se tornaram corajosas testemunhas do vosso Evangelho, a ponto de oferecer o pr\u00f3prio sangue. Pedimos-vos o dom da paz! Distanciai de n\u00f3s o flagelo do terrorismo.<\/p>\n<p>Por Cristo nosso Senhor.<\/p>\n<p>Am\u00e9m.<\/p>\n<p>Ora\u00e7\u00e3o do Santo Padre Francisco na Bas\u00edlica de S\u00e3o Francisco em Crac\u00f3via, dia 30 de julho de 2016.<\/p>\n<p style=\"text-align: justify;\">\u00a0<\/p>\n<p style=\"text-align: justify;\">Fonte: Acidigital<\/p>\n","protected":false},"excerpt":{"rendered":"<p>CRAC\u00d3VIA.- O Papa Francisco rezou no s\u00e1bado, 30, pelo fim da viol\u00eancia e do terrorismo no mundo, diante das rel\u00edquias dos beatos Michele Tomaszek e Zbigneo Strzalkowski, que foram assassinados em 1991 pelo grupo terrorista Sendero Luminoso, no Peru. Estes jovens m\u00e1rtires foram recordados na cerim\u00f4nia de acolhida da Jornada Mundial da Juventude (JMJ) Crac\u00f3via [&hellip;]<\/p>\n","protected":false},"author":1,"featured_media":16690,"comment_status":"open","ping_status":"open","sticky":false,"template":"","format":"standard","meta":{"footnotes":""},"categories":[4],"tags":[],"class_list":["post-16691","post","type-post","status-publish","format-standard","has-post-thumbnail","hentry","category-cotidiano"],"_links":{"self":[{"href":"https:\/\/catolicanet.net\/wp-cnet\/wp-json\/wp\/v2\/posts\/16691","targetHints":{"allow":["GET"]}}],"collection":[{"href":"https:\/\/catolicanet.net\/wp-cnet\/wp-json\/wp\/v2\/posts"}],"about":[{"href":"https:\/\/catolicanet.net\/wp-cnet\/wp-json\/wp\/v2\/types\/post"}],"author":[{"embeddable":true,"href":"https:\/\/catolicanet.net\/wp-cnet\/wp-json\/wp\/v2\/users\/1"}],"replies":[{"embeddable":true,"href":"https:\/\/catolicanet.net\/wp-cnet\/wp-json\/wp\/v2\/comments?post=16691"}],"version-history":[{"count":1,"href":"https:\/\/catolicanet.net\/wp-cnet\/wp-json\/wp\/v2\/posts\/16691\/revisions"}],"predecessor-version":[{"id":25501,"href":"https:\/\/catolicanet.net\/wp-cnet\/wp-json\/wp\/v2\/posts\/16691\/revisions\/25501"}],"wp:featuredmedia":[{"embeddable":true,"href":"https:\/\/catolicanet.net\/wp-cnet\/wp-json\/wp\/v2\/media\/16690"}],"wp:attachment":[{"href":"https:\/\/catolicanet.net\/wp-cnet\/wp-json\/wp\/v2\/media?parent=16691"}],"wp:term":[{"taxonomy":"category","embeddable":true,"href":"https:\/\/catolicanet.net\/wp-cnet\/wp-json\/wp\/v2\/categories?post=16691"},{"taxonomy":"post_tag","embeddable":true,"href":"https:\/\/catolicanet.net\/wp-cnet\/wp-json\/wp\/v2\/tags?post=16691"}],"curies":[{"name":"wp","href":"https:\/\/api.w.org\/{rel}","templated":true}]}}