{"id":16645,"date":"2016-07-29T13:54:20","date_gmt":"2016-07-29T16:54:20","guid":{"rendered":"http:\/\/catolicanet.net\/wp-cnet\/2016\/07\/29\/brasileiros-na-jmj-cracovia-2016-uma-experiencia-de-misericordia\/"},"modified":"2017-05-31T09:54:50","modified_gmt":"2017-05-31T12:54:50","slug":"brasileiros-na-jmj-cracovia-2016-uma-experiencia-de-misericordia","status":"publish","type":"post","link":"https:\/\/catolicanet.net\/wp-cnet\/brasileiros-na-jmj-cracovia-2016-uma-experiencia-de-misericordia\/","title":{"rendered":"Brasileiros na JMJ Crac\u00f3via 2016: uma experi\u00eancia de miseric\u00f3rdia"},"content":{"rendered":"<p style=\"text-align: justify;\"><img decoding=\"async\" src=\"http:\/\/www.catolicanet.com.br\/images\/stories\/noticias\/jovens_brasileiros_jmj.jpg\" border=\"0\" align=\"left\" \/>Entre as centenas de milhares de jovens participantes da Jornada Mundial da Juventude Crac\u00f3via 2016, muitos s\u00e3o brasileiros. Al\u00e9m deles, o Brasil se faz presente na JMJ de outras maneiras, como na cerim\u00f4nia de acolhida ao Papa Francisco na quinta-feira, quando a Bem-Aventurada Dulce dos Pobres representou um dos santos da miseric\u00f3rdia.<\/p>\n<p>Durante a cerim\u00f4nia, no momento em que as bandeiras de cada pa\u00eds entraram, antes delas, cada continente foi apresentado por um l\u00edder de obras de miseric\u00f3rdia. A Am\u00e9rica do Sul teve como sua representante a baiana Irm\u00e3 Dulce, o Anjo Bom do Brasil.<\/p>\n<p style=\"text-align: justify;\">\u00a0<\/p>\n<p style=\"text-align: justify;\">Fonte: Acidigital<\/p>\n","protected":false},"excerpt":{"rendered":"<p>Entre as centenas de milhares de jovens participantes da Jornada Mundial da Juventude Crac\u00f3via 2016, muitos s\u00e3o brasileiros. Al\u00e9m deles, o Brasil se faz presente na JMJ de outras maneiras, como na cerim\u00f4nia de acolhida ao Papa Francisco na quinta-feira, quando a Bem-Aventurada Dulce dos Pobres representou um dos santos da miseric\u00f3rdia. Durante a cerim\u00f4nia, [&hellip;]<\/p>\n","protected":false},"author":1,"featured_media":16644,"comment_status":"open","ping_status":"open","sticky":false,"template":"","format":"standard","meta":{"footnotes":""},"categories":[4],"tags":[],"class_list":["post-16645","post","type-post","status-publish","format-standard","has-post-thumbnail","hentry","category-cotidiano"],"_links":{"self":[{"href":"https:\/\/catolicanet.net\/wp-cnet\/wp-json\/wp\/v2\/posts\/16645","targetHints":{"allow":["GET"]}}],"collection":[{"href":"https:\/\/catolicanet.net\/wp-cnet\/wp-json\/wp\/v2\/posts"}],"about":[{"href":"https:\/\/catolicanet.net\/wp-cnet\/wp-json\/wp\/v2\/types\/post"}],"author":[{"embeddable":true,"href":"https:\/\/catolicanet.net\/wp-cnet\/wp-json\/wp\/v2\/users\/1"}],"replies":[{"embeddable":true,"href":"https:\/\/catolicanet.net\/wp-cnet\/wp-json\/wp\/v2\/comments?post=16645"}],"version-history":[{"count":1,"href":"https:\/\/catolicanet.net\/wp-cnet\/wp-json\/wp\/v2\/posts\/16645\/revisions"}],"predecessor-version":[{"id":25506,"href":"https:\/\/catolicanet.net\/wp-cnet\/wp-json\/wp\/v2\/posts\/16645\/revisions\/25506"}],"wp:featuredmedia":[{"embeddable":true,"href":"https:\/\/catolicanet.net\/wp-cnet\/wp-json\/wp\/v2\/media\/16644"}],"wp:attachment":[{"href":"https:\/\/catolicanet.net\/wp-cnet\/wp-json\/wp\/v2\/media?parent=16645"}],"wp:term":[{"taxonomy":"category","embeddable":true,"href":"https:\/\/catolicanet.net\/wp-cnet\/wp-json\/wp\/v2\/categories?post=16645"},{"taxonomy":"post_tag","embeddable":true,"href":"https:\/\/catolicanet.net\/wp-cnet\/wp-json\/wp\/v2\/tags?post=16645"}],"curies":[{"name":"wp","href":"https:\/\/api.w.org\/{rel}","templated":true}]}}