{"id":16593,"date":"2016-07-27T17:24:21","date_gmt":"2016-07-27T20:24:21","guid":{"rendered":"http:\/\/catolicanet.net\/wp-cnet\/2016\/07\/27\/papa-francisco-acolher-e-proteger-a-vida-desde-a-concepcao-ate-a-morte-natural\/"},"modified":"2017-05-31T09:54:53","modified_gmt":"2017-05-31T12:54:53","slug":"papa-francisco-acolher-e-proteger-a-vida-desde-a-concepcao-ate-a-morte-natural","status":"publish","type":"post","link":"https:\/\/catolicanet.net\/wp-cnet\/papa-francisco-acolher-e-proteger-a-vida-desde-a-concepcao-ate-a-morte-natural\/","title":{"rendered":"Papa Francisco: Acolher e proteger a vida desde a concep\u00e7\u00e3o at\u00e9 a morte natural"},"content":{"rendered":"<p style=\"text-align: justify;\"><img decoding=\"async\" src=\"http:\/\/www.catolicanet.com.br\/images\/stories\/papas\/papafranciscoyoutube_ctv_27072016.jpg\" border=\"0\" align=\"left\" \/>CRAC\u00d3VIA, 27 Jul. 16 \/ 02:00 pm (ACI).- Em seu primeiro discurso na Pol\u00f4nia, no Pal\u00e1cio de Wavel, em Crac\u00f3via, e ante as autoridades civis e o corpo diplom\u00e1tico acreditado, o Papa Francisco exortou a acolher e proteger a vida desde a concep\u00e7\u00e3o at\u00e9 a morte natural.<\/p>\n<p>O Santo Padre ressaltou que \u201ca vida deve ser sempre acolhida e protegida \u2013 as duas coisas juntas: acolhida e protegida \u2013 desde a concep\u00e7\u00e3o at\u00e9 a morte natural, e todos somos chamados a respeit\u00e1-la e cuidar dela\u201d.<\/p>\n<p>\u201cPor outro lado, compete ao Estado, \u00e0 Igreja e \u00e0 sociedade acompanhar e ajudar concretamente quem est\u00e1 em situa\u00e7\u00e3o de grave dificuldade, para que o filho n\u00e3o seja jamais sentido como um fardo, mas como um dom, e as pessoas mais fr\u00e1geis e pobres n\u00e3o se vejam abandonadas\u201d.<\/p>\n<p>O Papa pronunciou seu discurso logo depois das emotivas palavras do presidente da Pol\u00f4nia, Andrzej Duda, que afirmou que a visita do Pont\u00edfice \u201c\u00e9 um evento excepcional\u201d, sobretudo \u201cespiritual, que temos aqui, nesta cidade, na cidade de S\u00e3o Jo\u00e3o Paulo II, de Karol Wojtyla, em Crac\u00f3via, a capital hist\u00f3rica da Pol\u00f4nia\u201d.<\/p>\n<p>O mandat\u00e1rio ressaltou a import\u00e2ncia hist\u00f3rica da cidade de Crac\u00f3via e que neste ano comemora-se os 1050 anos do Batismo da Pol\u00f4nia.<\/p>\n<p>Em seguida, Duda ressaltou que \u201ca Jornada Mundial da Juventude ocorre na Pol\u00f4nia (\u2026) une-nos na f\u00e9, na alegria, tamb\u00e9m nos momentos mais dif\u00edceis de encontrar amizades, conhecer-nos, passar o tempo juntos, rezar juntos, fortalecer a f\u00e9 juntos\u201d.<\/p>\n<p>\u201cSua presen\u00e7a aqui, Santidade, \u00e9 o mais importante. O senhor \u00e9 para os jovens um sustento espiritual, alegria, amor e tamb\u00e9m esperan\u00e7a que leva a religi\u00e3o crist\u00e3 da qual recebemos o bem do qual nosso mundo precisa tanto\u201d, disse o presidente ao Papa.<\/p>\n<p>Em seu discurso, o Pont\u00edfice afirmou que \u201c\u00e9 a primeira vez que visito a Europa centro-oriental e me alegra come\u00e7ar pela Pol\u00f4nia, que teve entre seus filhos o inesquec\u00edvel S\u00e3o Jo\u00e3o Paulo II, criador e promotor das Jornadas Mundiais da Juventude\u201d.<\/p>\n<p>\u201c\u00c0 luz da sua hist\u00f3ria milen\u00e1ria, convido a na\u00e7\u00e3o polaca a olhar com esperan\u00e7a o futuro e as quest\u00f5es que tem de enfrentar. Esta atitude favorece um clima de respeito entre todas as componentes da sociedade e um di\u00e1logo construtivo entre as diferentes posi\u00e7\u00f5es; al\u00e9m disso cria as melhores condi\u00e7\u00f5es para um crescimento civil, econ\u00f4mico e at\u00e9 demogr\u00e1fico, alentando a confian\u00e7a de oferecer uma vida boa aos pr\u00f3prios filhos\u201d.<\/p>\n<p>Com efeito, continuou o Papa Francisco, \u201cestes n\u00e3o dever\u00e3o apenas enfrentar problemas, mas poder\u00e3o usufruir da beleza da cria\u00e7\u00e3o, do bem que soubermos fazer e difundir\u201d.<\/p>\n<p>\u201cAssim, as pr\u00f3prias pol\u00edticas sociais a favor da fam\u00edlia \u2013 n\u00facleo prim\u00e1rio e fundamental da sociedade \u2013, que visam socorrer as mais fr\u00e1geis e pobres e apoi\u00e1-las no acolhimento respons\u00e1vel da vida, ser\u00e3o ainda mais eficazes\u201d.<\/p>\n<p>Em seguida, o Papa ressaltou a mem\u00f3ria do povo polon\u00eas e como S\u00e3o Jo\u00e3o Paulo II era um claro exemplo disso, para depois fazer um percurso por alguns tesouros da hist\u00f3ria da Pol\u00f4nia.<\/p>\n<p>Francisco assinalou que \u201ca na\u00e7\u00e3o polaca pode contar com a colabora\u00e7\u00e3o da Igreja Cat\u00f3lica, para que, \u00e0 luz dos princ\u00edpios crist\u00e3os que a inspiram e que forjaram a hist\u00f3ria e a identidade da Pol\u00f4nia, saiba nas novas condi\u00e7\u00f5es hist\u00f3ricas avan\u00e7ar no seu caminho, fiel \u00e0s suas melhores tradi\u00e7\u00f5es e repleta de confian\u00e7a e esperan\u00e7a, mesmo nos momentos dif\u00edceis\u201d.<\/p>\n<p>Ao concluir, o Santo Padre agradeceu ao presidente e aos presentes e pediu que \u201cNossa Senhora da Czstochowa aben\u00e7oe e proteja a Pol\u00f4nia\u201d.<\/p>\n<p style=\"text-align: justify;\">\u00a0<\/p>\n<p style=\"text-align: justify;\">Fonte: Acidigital<\/p>\n","protected":false},"excerpt":{"rendered":"<p>CRAC\u00d3VIA, 27 Jul. 16 \/ 02:00 pm (ACI).- Em seu primeiro discurso na Pol\u00f4nia, no Pal\u00e1cio de Wavel, em Crac\u00f3via, e ante as autoridades civis e o corpo diplom\u00e1tico acreditado, o Papa Francisco exortou a acolher e proteger a vida desde a concep\u00e7\u00e3o at\u00e9 a morte natural. O Santo Padre ressaltou que \u201ca vida deve [&hellip;]<\/p>\n","protected":false},"author":1,"featured_media":16592,"comment_status":"open","ping_status":"open","sticky":false,"template":"","format":"standard","meta":{"footnotes":""},"categories":[4],"tags":[],"class_list":["post-16593","post","type-post","status-publish","format-standard","has-post-thumbnail","hentry","category-cotidiano"],"_links":{"self":[{"href":"https:\/\/catolicanet.net\/wp-cnet\/wp-json\/wp\/v2\/posts\/16593","targetHints":{"allow":["GET"]}}],"collection":[{"href":"https:\/\/catolicanet.net\/wp-cnet\/wp-json\/wp\/v2\/posts"}],"about":[{"href":"https:\/\/catolicanet.net\/wp-cnet\/wp-json\/wp\/v2\/types\/post"}],"author":[{"embeddable":true,"href":"https:\/\/catolicanet.net\/wp-cnet\/wp-json\/wp\/v2\/users\/1"}],"replies":[{"embeddable":true,"href":"https:\/\/catolicanet.net\/wp-cnet\/wp-json\/wp\/v2\/comments?post=16593"}],"version-history":[{"count":1,"href":"https:\/\/catolicanet.net\/wp-cnet\/wp-json\/wp\/v2\/posts\/16593\/revisions"}],"predecessor-version":[{"id":25513,"href":"https:\/\/catolicanet.net\/wp-cnet\/wp-json\/wp\/v2\/posts\/16593\/revisions\/25513"}],"wp:featuredmedia":[{"embeddable":true,"href":"https:\/\/catolicanet.net\/wp-cnet\/wp-json\/wp\/v2\/media\/16592"}],"wp:attachment":[{"href":"https:\/\/catolicanet.net\/wp-cnet\/wp-json\/wp\/v2\/media?parent=16593"}],"wp:term":[{"taxonomy":"category","embeddable":true,"href":"https:\/\/catolicanet.net\/wp-cnet\/wp-json\/wp\/v2\/categories?post=16593"},{"taxonomy":"post_tag","embeddable":true,"href":"https:\/\/catolicanet.net\/wp-cnet\/wp-json\/wp\/v2\/tags?post=16593"}],"curies":[{"name":"wp","href":"https:\/\/api.w.org\/{rel}","templated":true}]}}