{"id":16591,"date":"2016-07-27T17:10:51","date_gmt":"2016-07-27T20:10:51","guid":{"rendered":"http:\/\/catolicanet.net\/wp-cnet\/2016\/07\/27\/papa-francisco-o-mundo-esta-em-guerra-mas-nao-e-guerra-de-religioes\/"},"modified":"2017-05-29T16:28:31","modified_gmt":"2017-05-29T19:28:31","slug":"papa-francisco-o-mundo-esta-em-guerra-mas-nao-e-guerra-de-religioes","status":"publish","type":"post","link":"https:\/\/catolicanet.net\/wp-cnet\/papa-francisco-o-mundo-esta-em-guerra-mas-nao-e-guerra-de-religioes\/","title":{"rendered":"Papa Francisco: O mundo est\u00e1 em guerra, mas n\u00e3o \u00e9 guerra de religi\u00f5es"},"content":{"rendered":"<p style=\"text-align: justify;\"><img decoding=\"async\" src=\"http:\/\/www.catolicanet.com.br\/images\/stories\/papas\/papaavioncaminopolonia1.jpg\" border=\"0\" align=\"left\" \/>CRAC\u00d3VIA, 27 Jul. 16 \/ 01:30 pm (ACI).- O Papa Francisco afirmou que o mundo atual est\u00e1 em guerra, mas n\u00e3o \u00e9 uma guerra de religi\u00f5es. A declara\u00e7\u00e3o foi dada a bordo do avi\u00e3o que o levou de Roma a Crac\u00f3via para participar da Jornada Mundial da Juventude (JMJ) que come\u00e7ou ontem.<\/p>\n<p>\u201cUma s\u00f3 palavra gostaria de dizer para esclarecer. Quando eu falo de \u2018guerra\u2019, falo de guerra seriamente, n\u00e3o de \u2018guerra de religi\u00f5es\u2019. Existe guerra de interesses, existe guerra pelo dinheiro, existe guerra pelos recursos da natureza, existe guerra pelo dom\u00ednio\u201d, disse o Santo Padre aos jornalistas com os quais chegou hoje \u00e0 Pol\u00f4nia.<\/p>\n<p>\u201cEsta \u00e9 a guerra. Algu\u00e9m pode pensar: \u2018Est\u00e1 falando de guerra de religi\u00f5es\u2019: n\u00e3o! Todas as religi\u00f5es, queremos a paz. A guerra, a querem os outros. Entendido?\u201d, continuou.<\/p>\n<p>O Santo Padre fez esta afirma\u00e7\u00e3o em resposta \u00e0 pergunta de Pe. Federico Lombardi, Diretor da Sala de Imprensa da Santa S\u00e9, sobre os fatos ocorridos ontem em uma igreja da regi\u00e3o da Normandia, onde dois membros do Estado Isl\u00e2mico assassinaram o Pe. Jacques Hamel, de 84 anos, enquanto celebrava Missa.<\/p>\n<p>\u201cEsta \u00e9 a guerra! N\u00e3o tenhamos medo de dizer esta verdade: o mundo est\u00e1 em guerra, porque perdeu a paz\u201d, disse o Pont\u00edfice.<\/p>\n<p>Em seguida, Francisco disse que agora na Crac\u00f3via \u201cesperamos que os jovens nos digam algo e nos deem esperan\u00e7a neste momento\u201d.<\/p>\n<p>\u201cUma palavra que \u2013 sobre isto dizia Padre Lombardi \u2013 se repete tanto \u00e9 \u2018inseguran\u00e7a\u2019. Mas a verdadeira palavra \u00e9 \u2018guerra\u2019. H\u00e1 tempos dizemos que o mundo est\u00e1 em guerra em partes, esta \u00e9 a guerra. Houve aquela de 1914 e depois a de 1939. No mundo de agora existe esta\u201d, ressaltou.<\/p>\n<p>\u201cN\u00e3o \u00e9 t\u00e3o org\u00e2nica, talvez; organizada, sim. Este santo sacerdote que morreu precisamente no momento em que fazia a ora\u00e7\u00e3o por toda a Igreja, \u00e9 um; mas quantos crist\u00e3os, quantos inocentes, quantas crian\u00e7as\u2026 Pensemos na Nig\u00e9ria, mas, l\u00e1 \u00e9 a \u00c1frica, como se ningu\u00e9m importasse\u201d, continuou.<\/p>\n<p>O Santo Padre tamb\u00e9m agradeceu a quem tem devotado suas condol\u00eancias pelo assassinato do Pe. Hamel e, \u201cde modo especial, ao Presidente franc\u00eas (Fran\u00e7ois Hollande), que me chamou como um irm\u00e3o e agrade\u00e7o\u201d.<\/p>\n<p style=\"text-align: justify;\">\u00a0<\/p>\n<p style=\"text-align: justify;\">Fonte: Acidigital<\/p>\n","protected":false},"excerpt":{"rendered":"<p>CRAC\u00d3VIA, 27 Jul. 16 \/ 01:30 pm (ACI).- O Papa Francisco afirmou que o mundo atual est\u00e1 em guerra, mas n\u00e3o \u00e9 uma guerra de religi\u00f5es. A declara\u00e7\u00e3o foi dada a bordo do avi\u00e3o que o levou de Roma a Crac\u00f3via para participar da Jornada Mundial da Juventude (JMJ) que come\u00e7ou ontem. \u201cUma s\u00f3 palavra [&hellip;]<\/p>\n","protected":false},"author":1,"featured_media":16590,"comment_status":"open","ping_status":"open","sticky":false,"template":"","format":"standard","meta":{"footnotes":""},"categories":[3],"tags":[],"class_list":["post-16591","post","type-post","status-publish","format-standard","has-post-thumbnail","hentry","category-vaticano"],"_links":{"self":[{"href":"https:\/\/catolicanet.net\/wp-cnet\/wp-json\/wp\/v2\/posts\/16591","targetHints":{"allow":["GET"]}}],"collection":[{"href":"https:\/\/catolicanet.net\/wp-cnet\/wp-json\/wp\/v2\/posts"}],"about":[{"href":"https:\/\/catolicanet.net\/wp-cnet\/wp-json\/wp\/v2\/types\/post"}],"author":[{"embeddable":true,"href":"https:\/\/catolicanet.net\/wp-cnet\/wp-json\/wp\/v2\/users\/1"}],"replies":[{"embeddable":true,"href":"https:\/\/catolicanet.net\/wp-cnet\/wp-json\/wp\/v2\/comments?post=16591"}],"version-history":[{"count":1,"href":"https:\/\/catolicanet.net\/wp-cnet\/wp-json\/wp\/v2\/posts\/16591\/revisions"}],"predecessor-version":[{"id":24263,"href":"https:\/\/catolicanet.net\/wp-cnet\/wp-json\/wp\/v2\/posts\/16591\/revisions\/24263"}],"wp:featuredmedia":[{"embeddable":true,"href":"https:\/\/catolicanet.net\/wp-cnet\/wp-json\/wp\/v2\/media\/16590"}],"wp:attachment":[{"href":"https:\/\/catolicanet.net\/wp-cnet\/wp-json\/wp\/v2\/media?parent=16591"}],"wp:term":[{"taxonomy":"category","embeddable":true,"href":"https:\/\/catolicanet.net\/wp-cnet\/wp-json\/wp\/v2\/categories?post=16591"},{"taxonomy":"post_tag","embeddable":true,"href":"https:\/\/catolicanet.net\/wp-cnet\/wp-json\/wp\/v2\/tags?post=16591"}],"curies":[{"name":"wp","href":"https:\/\/api.w.org\/{rel}","templated":true}]}}