{"id":16585,"date":"2016-07-27T14:55:07","date_gmt":"2016-07-27T17:55:07","guid":{"rendered":"http:\/\/catolicanet.net\/wp-cnet\/2016\/07\/27\/comecam-as-catequeses-da-jmj-dialogo-aberto-com-dom-orani\/"},"modified":"2017-06-02T10:06:15","modified_gmt":"2017-06-02T13:06:15","slug":"comecam-as-catequeses-da-jmj-dialogo-aberto-com-dom-orani","status":"publish","type":"post","link":"https:\/\/catolicanet.net\/wp-cnet\/comecam-as-catequeses-da-jmj-dialogo-aberto-com-dom-orani\/","title":{"rendered":"Come\u00e7am as catequeses da JMJ: di\u00e1logo aberto com Dom Orani"},"content":{"rendered":"<p style=\"text-align: justify;\"><img decoding=\"async\" src=\"http:\/\/www.catolicanet.com.br\/images\/stories\/noticias\/epa2154977_articolo.jpg\" border=\"0\" align=\"left\" \/>Os peregrinos brasileiros se concentraram na par\u00f3quia de Brata Alberta, h\u00e1 cerca de 10 km do centro de Crac\u00f3via, onde o Cardeal Orani Jo\u00e3o Tempesta conduziu a primeira catequese e, portugu\u00eas na manh\u00e3 desta quarta-feira, (27\/07).<\/p>\n<p style=\"text-align: justify;\"><a href=\"http:\/\/media02.radiovaticana.va\/audio\/audio2\/mp3\/00540989.mp3\">Clique aqui para ouvir.<\/a><\/p>\n<p style=\"text-align: justify;\">\u201c\u00c9 uma jornada de Ano Santo que, portanto, deve marcar de maneira especial essa peregrina\u00e7\u00e3o da juventude no Ano Santo. E o fato de no Ano Santo vir ao lugar onde foi divulgado o tema da miseric\u00f3rdia, embora esse seja um tema desde o Antigo Testamento, e que ser\u00e1 inclusive o tema da catequese de hoje. Um Ano Santo na terra de Santa Faustina e, al\u00e9m disso, nas terras de S\u00e3o Jo\u00e3o Paulo II. Momento em que o Papa Francisco vem, quando o mundo est\u00e1 num tempo de tanta viol\u00eancia e intoler\u00e2ncia, dizer da import\u00e2ncia de viver essa miseric\u00f3rdia. E levar a juventude de hoje para que viva cada vez mais sua f\u00e9 e fa\u00e7a a experi\u00eancia da miseric\u00f3rdia. O jovem que a experimenta e depois passa aos outros na sua linguagem: este \u00e9 o segredo\u201d, disse Dom Orani.<\/p>\n<p>Ana Silvia Lima estava presente e fez uma das perguntas quando Dom Orani convidou os jovens para um di\u00e1logo aberto. Ela perguntou sobre como deveria viver esta que \u00e9 sua primeira jornada.<\/p>\n<p>\u201cEle pediu para eu possa viver essa jornada respeitando meu pr\u00f3ximo nas filas, sendo paciente nas locomo\u00e7\u00f5es, e viver a miseric\u00f3rdia\u201d.<\/p>\n<p>Diversidade e paz<\/p>\n<p>\u201cAcima de tudo, precisamos respeitar o pr\u00f3ximo que tem outra religi\u00e3o, porque no olhar dele n\u00f3s tamb\u00e9m podemos encontrar Deus que \u00e9 \u00fanico\u201d.<\/p>\n<p>Vera Lucia Assun\u00e7\u00e3o de Oliveira, de Fortaleza (CE), ainda estava emocionada ap\u00f3s a missa de abertura.<\/p>\n<p>\u201cPe\u00e7o a Deus que me d\u00ea sempre essa juventude de esp\u00edrito. \u00c9 isso que n\u00f3s precisamos, de uni\u00e3o. Eu fiquei muito emocionada e com muita esperan\u00e7a e pedindo a Deus que essas pessoas que querem a morte se transformem, que pensem como pessoas humanas, porque n\u00f3s n\u00e3o precisamos ser mortos por ningu\u00e9m, porque a morte vem naturalmente. N\u00f3s precisamos antes de mais respeitar a vida, que \u00e9 um dom de Deus e ningu\u00e9m pode tirar\u201d.<\/p>\n<p>Rafael Belincanta, de Crac\u00f3via, para a RV<\/p>\n<p style=\"text-align: justify;\">\u00a0<\/p>\n<p style=\"text-align: justify;\">Fonte: R\u00e1dio Vaticano<\/p>\n","protected":false},"excerpt":{"rendered":"<p>Os peregrinos brasileiros se concentraram na par\u00f3quia de Brata Alberta, h\u00e1 cerca de 10 km do centro de Crac\u00f3via, onde o Cardeal Orani Jo\u00e3o Tempesta conduziu a primeira catequese e, portugu\u00eas na manh\u00e3 desta quarta-feira, (27\/07). Clique aqui para ouvir. \u201c\u00c9 uma jornada de Ano Santo que, portanto, deve marcar de maneira especial essa peregrina\u00e7\u00e3o [&hellip;]<\/p>\n","protected":false},"author":1,"featured_media":16584,"comment_status":"open","ping_status":"open","sticky":false,"template":"","format":"standard","meta":{"footnotes":""},"categories":[3],"tags":[],"class_list":["post-16585","post","type-post","status-publish","format-standard","has-post-thumbnail","hentry","category-vaticano"],"_links":{"self":[{"href":"https:\/\/catolicanet.net\/wp-cnet\/wp-json\/wp\/v2\/posts\/16585","targetHints":{"allow":["GET"]}}],"collection":[{"href":"https:\/\/catolicanet.net\/wp-cnet\/wp-json\/wp\/v2\/posts"}],"about":[{"href":"https:\/\/catolicanet.net\/wp-cnet\/wp-json\/wp\/v2\/types\/post"}],"author":[{"embeddable":true,"href":"https:\/\/catolicanet.net\/wp-cnet\/wp-json\/wp\/v2\/users\/1"}],"replies":[{"embeddable":true,"href":"https:\/\/catolicanet.net\/wp-cnet\/wp-json\/wp\/v2\/comments?post=16585"}],"version-history":[{"count":1,"href":"https:\/\/catolicanet.net\/wp-cnet\/wp-json\/wp\/v2\/posts\/16585\/revisions"}],"predecessor-version":[{"id":27809,"href":"https:\/\/catolicanet.net\/wp-cnet\/wp-json\/wp\/v2\/posts\/16585\/revisions\/27809"}],"wp:featuredmedia":[{"embeddable":true,"href":"https:\/\/catolicanet.net\/wp-cnet\/wp-json\/wp\/v2\/media\/16584"}],"wp:attachment":[{"href":"https:\/\/catolicanet.net\/wp-cnet\/wp-json\/wp\/v2\/media?parent=16585"}],"wp:term":[{"taxonomy":"category","embeddable":true,"href":"https:\/\/catolicanet.net\/wp-cnet\/wp-json\/wp\/v2\/categories?post=16585"},{"taxonomy":"post_tag","embeddable":true,"href":"https:\/\/catolicanet.net\/wp-cnet\/wp-json\/wp\/v2\/tags?post=16585"}],"curies":[{"name":"wp","href":"https:\/\/api.w.org\/{rel}","templated":true}]}}