{"id":16578,"date":"2016-07-27T14:04:01","date_gmt":"2016-07-27T17:04:01","guid":{"rendered":"http:\/\/catolicanet.net\/wp-cnet\/2016\/07\/27\/festival-halleluya-supera-publico-de-um-milhao-e-se-prepara-para-jmj\/"},"modified":"2017-05-31T09:54:54","modified_gmt":"2017-05-31T12:54:54","slug":"festival-halleluya-supera-publico-de-um-milhao-e-se-prepara-para-jmj","status":"publish","type":"post","link":"https:\/\/catolicanet.net\/wp-cnet\/festival-halleluya-supera-publico-de-um-milhao-e-se-prepara-para-jmj\/","title":{"rendered":"Festival Halleluya supera p\u00fablico de um milh\u00e3o e se prepara para JMJ"},"content":{"rendered":"<p style=\"text-align: justify;\"><img decoding=\"async\" src=\"http:\/\/www.catolicanet.com.br\/images\/stories\/noticias\/festival_halleluya_recorde_publico.jpg\" border=\"0\" align=\"left\" \/>Em sua edi\u00e7\u00e3o hist\u00f3rica comemorativa dos 20 anos, o Festival Halleluya bateu o recorde de p\u00fablico nos cinco dias de evento. Foram contabilizados 1 milh\u00e3o e 80 mil participantes, sendo que de 70% a 80% s\u00e3o jovens. Agora, a expectativa \u00e9 para a realiza\u00e7\u00e3o do Festival em Crac\u00f3via, como parte da programa\u00e7\u00e3o da Jornada Mundial da Juventude (JMJ).<\/p>\n<p>\u201cAlcan\u00e7amos os homens, as mulheres, as crian\u00e7as, os jovens. Estamos no alicerce da sociedade e da Igreja. Evangelizando a fam\u00edlia, n\u00f3s damos frutos fecundo para a evangeliza\u00e7\u00e3o do mundo\u201d, destacou Moys\u00e9s Azevedo, fundador da Comunidade Cat\u00f3lica Shalom, que promove o evento.<\/p>\n<p>O \u00faltimo dia da programa\u00e7\u00e3o atraiu 150 mil pessoas \u00e0 Arena Halleluya, no Condom\u00ednio Espiritual Uirapuru \u2013 CEU, em Fortaleza (CE). No s\u00e1bado, foram 300 mil pessoas participantes, mesma quantidade que marcou presen\u00e7a na sexta-feira, 22. Na quinta-feira, 21, o p\u00fablico chegou a 180 mil e, na quarta-feira, 20, reuniu 150 mil pessoas.<\/p>\n<p>Neste ano, o festival contou com 23 atra\u00e7\u00f5es musicais, entre as quais Pe. F\u00e1bio de Melo, Rosa de Saron e Mission\u00e1rio Shalom. Foram 23 horas de shows no palco principal.<\/p>\n<p>O Festival Halleluya contou com oito espa\u00e7os tem\u00e1ticos com programa\u00e7\u00f5es simult\u00e2neas. Considerado o cora\u00e7\u00e3o do evento, o Espa\u00e7o Miseric\u00f3rdia teve a presen\u00e7a de cerca de 25 sacerdotes por noite que atenderam 2813 confiss\u00f5es.<\/p>\n<p>Foram realizados 3938 atendimentos em ora\u00e7\u00e3o e aconselhamento. Os cursos contaram com 1.780 participantes, al\u00e9m de 1.897 participantes nos Semin\u00e1rios de Vida no Esp\u00edrito Santo.<\/p>\n<p>Outras marcas do evento foram a solidariedade e a acessibilidade. A cria\u00e7\u00e3o do Espa\u00e7o Vida consolidou o Festival como o evento mais solid\u00e1rio do Estado. A parceria com o Centro de Hematologia e Hemoterapia do Cear\u00e1 (Hemoce) foi renovada pelo 14\u00ba ano consecutivo. Foram arrecadadas 836 bolsas de sangue at\u00e9 o s\u00e1bado e realizados 42 cadastros de medula \u00f3ssea.<\/p>\n<p>Foram arrecadados tamb\u00e9m 1280 kg de alimentos n\u00e3o perec\u00edveis. Al\u00e9m disso, houve programa\u00e7\u00e3o com palestras e triagem que visa \u00e0 preven\u00e7\u00e3o e ao combate \u00e0s drogas. Foram contabilizadas 271 pessoas nos cursos e 28 aconselhamentos no Espa\u00e7o Vida.<\/p>\n<p>Na \u00e1rea da acessibilidade, o evento contou com espa\u00e7o reservado para surdos e deficientes visuais. Foram 8 deficientes visuais, 90 surdos e 39 acompanhantes. Durante o festival, 30 int\u00e9rpretes de libras se revezavam para que 10 a cada noite pudessem acompanhar os deficientes auditivos.<\/p>\n<p>Passado esse grande evento, a comemora\u00e7\u00e3o dos 20 anos de Halleluya segue nesta semana na Jornada Mundial da Juventude (JMJ), em Crac\u00f3via, onde ser\u00e1 realizado entre os dias 27 e 29 de julho, inserido na programa\u00e7\u00e3o do Festival da Juventude.<\/p>\n<p>O evento acontecer\u00e1 na pra\u00e7a Szczepanski a poucos metros da Pra\u00e7a do Mercado no Centro de Crac\u00f3via. Segundo a Comunidade Shalom, a expectativa \u00e9 alcan\u00e7ar um p\u00fablico entre sete e dez mil jovens. Ser\u00e3o 15 apresenta\u00e7\u00f5es entre m\u00fasica, teatro e dan\u00e7a com atra\u00e7\u00f5es em v\u00e1rios idiomas: ingl\u00eas, polon\u00eas, franc\u00eas e italiano.<\/p>\n<p>De acordo com Helano Roberto Bezerra Filho, mission\u00e1rio da Shalom que ir\u00e1 coordenar o Halleluya de Crac\u00f3via, a Comunidade Shalom quer levar para os jovens da JMJ a mensagem de que \u201cCristo \u00e9 a nossa paz\u201d. \u201cQueremos apresentar por meio do Festival Halleluya que os jovens sendo crist\u00e3os, vivendo a f\u00e9, n\u00e3o deixam de ser jovens, mas pelo contr\u00e1rio, encontram a plena for\u00e7a e a verdadeira alegria da sua juventude\u201d.<\/p>\n<p>Esta n\u00e3o \u00e9 a primeira vez que o festival ganha car\u00e1ter internacional. Ele j\u00e1 foi promovido em outros pa\u00edses, como Uruguai, It\u00e1lia, Fran\u00e7a e Terra Santa. Al\u00e9m disso, fez parte do programa da JMJ do Rio de Janeiro, em 2013.<\/p>\n<p style=\"text-align: justify;\">\u00a0<\/p>\n<p style=\"text-align: justify;\">Fonte: Acidigital<\/p>\n","protected":false},"excerpt":{"rendered":"<p>Em sua edi\u00e7\u00e3o hist\u00f3rica comemorativa dos 20 anos, o Festival Halleluya bateu o recorde de p\u00fablico nos cinco dias de evento. Foram contabilizados 1 milh\u00e3o e 80 mil participantes, sendo que de 70% a 80% s\u00e3o jovens. Agora, a expectativa \u00e9 para a realiza\u00e7\u00e3o do Festival em Crac\u00f3via, como parte da programa\u00e7\u00e3o da Jornada Mundial [&hellip;]<\/p>\n","protected":false},"author":1,"featured_media":16577,"comment_status":"open","ping_status":"open","sticky":false,"template":"","format":"standard","meta":{"footnotes":""},"categories":[4],"tags":[],"class_list":["post-16578","post","type-post","status-publish","format-standard","has-post-thumbnail","hentry","category-cotidiano"],"_links":{"self":[{"href":"https:\/\/catolicanet.net\/wp-cnet\/wp-json\/wp\/v2\/posts\/16578","targetHints":{"allow":["GET"]}}],"collection":[{"href":"https:\/\/catolicanet.net\/wp-cnet\/wp-json\/wp\/v2\/posts"}],"about":[{"href":"https:\/\/catolicanet.net\/wp-cnet\/wp-json\/wp\/v2\/types\/post"}],"author":[{"embeddable":true,"href":"https:\/\/catolicanet.net\/wp-cnet\/wp-json\/wp\/v2\/users\/1"}],"replies":[{"embeddable":true,"href":"https:\/\/catolicanet.net\/wp-cnet\/wp-json\/wp\/v2\/comments?post=16578"}],"version-history":[{"count":1,"href":"https:\/\/catolicanet.net\/wp-cnet\/wp-json\/wp\/v2\/posts\/16578\/revisions"}],"predecessor-version":[{"id":25516,"href":"https:\/\/catolicanet.net\/wp-cnet\/wp-json\/wp\/v2\/posts\/16578\/revisions\/25516"}],"wp:featuredmedia":[{"embeddable":true,"href":"https:\/\/catolicanet.net\/wp-cnet\/wp-json\/wp\/v2\/media\/16577"}],"wp:attachment":[{"href":"https:\/\/catolicanet.net\/wp-cnet\/wp-json\/wp\/v2\/media?parent=16578"}],"wp:term":[{"taxonomy":"category","embeddable":true,"href":"https:\/\/catolicanet.net\/wp-cnet\/wp-json\/wp\/v2\/categories?post=16578"},{"taxonomy":"post_tag","embeddable":true,"href":"https:\/\/catolicanet.net\/wp-cnet\/wp-json\/wp\/v2\/tags?post=16578"}],"curies":[{"name":"wp","href":"https:\/\/api.w.org\/{rel}","templated":true}]}}