{"id":16576,"date":"2016-07-27T13:54:59","date_gmt":"2016-07-27T16:54:59","guid":{"rendered":"http:\/\/catolicanet.net\/wp-cnet\/2016\/07\/27\/o-pesar-do-papa-pelas-vitimas-de-ataque-no-japao\/"},"modified":"2017-05-31T09:54:54","modified_gmt":"2017-05-31T12:54:54","slug":"o-pesar-do-papa-pelas-vitimas-de-ataque-no-japao","status":"publish","type":"post","link":"https:\/\/catolicanet.net\/wp-cnet\/o-pesar-do-papa-pelas-vitimas-de-ataque-no-japao\/","title":{"rendered":"O pesar do Papa pelas v\u00edtimas de ataque no Jap\u00e3o"},"content":{"rendered":"<p style=\"text-align: justify;\"><img decoding=\"async\" src=\"http:\/\/www.catolicanet.com.br\/images\/stories\/noticias\/cosvut-xyaat4nb.jpg\" border=\"0\" align=\"left\" \/>O Papa Francisco manifestou o seu pesar pelas v\u00edtimas do ataque contra um centro de atendimento de pessoas com defici\u00eancia no Jap\u00e3o, que deixou 19 mortos. O Santo Padre enviou um telegrama ao Arcebispo de T\u00f3quio, Jap\u00e3o, Dom Peter Takeo Okada.<\/p>\n<p>A mensagem, segundo a R\u00e1dio Vaticano, \u00e9 assinada pelo Secret\u00e1rio de Estado, Cardeal Pietro Parolin. No texto, o Pont\u00edfice expressa sua tristeza pelas v\u00edtimas e assegura sua proximidade a todos os que foram atingidos por esta trag\u00e9dia. Francisco tamb\u00e9m envia condol\u00eancias aos parentes dos falecidos e feridos.<\/p>\n<p>O ataque ocorreu quando um homem de 26 anos, identificado como Satoshi Uematsu, entrou na cl\u00ednica Tsukui Yamayurien, para pessoas com defici\u00eancia, na cidade de Sagamihara. Armado com facas, ele deixou 19 mortos e, segundo o Departamento de Bombeiros, 25 pessoas ficaram feridas, das quais, 20 em estado grave.<\/p>\n<p>Ao se entregar \u00e0 pol\u00edcia, o homem teria dito que \u201ctodos os deficientes deveriam desaparecer\u201d.<\/p>\n<p>De acordo com a imprensa, o agressor era um ex-funcion\u00e1rio da cl\u00ednica, onde havia trabalhado at\u00e9 o \u00faltimo dia 19 de fevereiro, quando abandonou o emprego por quest\u00f5es pessoais.<\/p>\n<p>Neste mesmo dia, segundo a emissora estatal NHK, o conselho da cidade teria sido alertado sobre a possibilidade de Uematsu cometer algum ato de viol\u00eancia, ap\u00f3s ter tentado entregar uma carta a um deputado, na qual dizia querer \u201cmatar 470 deficientes pelo bem do Jap\u00e3o\u201d.<\/p>\n<p>\u201cAs vidas das pessoas com defici\u00eancias m\u00faltiplas s\u00e3o extremamente dif\u00edceis e por isso meu objetivo \u00e9 conseguir um mundo onde estas pessoas possam receber a eutan\u00e1sia com o consentimento de um tutor\u201d, afirmava o homem na carta datada de 14 de fevereiro.<\/p>\n<p>Este fato levou Uematsu a ser internado em uma cl\u00ednica psiqui\u00e1trica. Mas, recebeu alta 12 dias depois, quando os m\u00e9dicos conclu\u00edram que seu estado havia melhorado e que j\u00e1 n\u00e3o representava um risco.<\/p>\n<p style=\"text-align: justify;\">\u00a0<\/p>\n<p style=\"text-align: justify;\">Fonte: Acidigital<\/p>\n","protected":false},"excerpt":{"rendered":"<p>O Papa Francisco manifestou o seu pesar pelas v\u00edtimas do ataque contra um centro de atendimento de pessoas com defici\u00eancia no Jap\u00e3o, que deixou 19 mortos. O Santo Padre enviou um telegrama ao Arcebispo de T\u00f3quio, Jap\u00e3o, Dom Peter Takeo Okada. A mensagem, segundo a R\u00e1dio Vaticano, \u00e9 assinada pelo Secret\u00e1rio de Estado, Cardeal Pietro [&hellip;]<\/p>\n","protected":false},"author":1,"featured_media":16575,"comment_status":"open","ping_status":"open","sticky":false,"template":"","format":"standard","meta":{"footnotes":""},"categories":[4],"tags":[],"class_list":["post-16576","post","type-post","status-publish","format-standard","has-post-thumbnail","hentry","category-cotidiano"],"_links":{"self":[{"href":"https:\/\/catolicanet.net\/wp-cnet\/wp-json\/wp\/v2\/posts\/16576","targetHints":{"allow":["GET"]}}],"collection":[{"href":"https:\/\/catolicanet.net\/wp-cnet\/wp-json\/wp\/v2\/posts"}],"about":[{"href":"https:\/\/catolicanet.net\/wp-cnet\/wp-json\/wp\/v2\/types\/post"}],"author":[{"embeddable":true,"href":"https:\/\/catolicanet.net\/wp-cnet\/wp-json\/wp\/v2\/users\/1"}],"replies":[{"embeddable":true,"href":"https:\/\/catolicanet.net\/wp-cnet\/wp-json\/wp\/v2\/comments?post=16576"}],"version-history":[{"count":1,"href":"https:\/\/catolicanet.net\/wp-cnet\/wp-json\/wp\/v2\/posts\/16576\/revisions"}],"predecessor-version":[{"id":25517,"href":"https:\/\/catolicanet.net\/wp-cnet\/wp-json\/wp\/v2\/posts\/16576\/revisions\/25517"}],"wp:featuredmedia":[{"embeddable":true,"href":"https:\/\/catolicanet.net\/wp-cnet\/wp-json\/wp\/v2\/media\/16575"}],"wp:attachment":[{"href":"https:\/\/catolicanet.net\/wp-cnet\/wp-json\/wp\/v2\/media?parent=16576"}],"wp:term":[{"taxonomy":"category","embeddable":true,"href":"https:\/\/catolicanet.net\/wp-cnet\/wp-json\/wp\/v2\/categories?post=16576"},{"taxonomy":"post_tag","embeddable":true,"href":"https:\/\/catolicanet.net\/wp-cnet\/wp-json\/wp\/v2\/tags?post=16576"}],"curies":[{"name":"wp","href":"https:\/\/api.w.org\/{rel}","templated":true}]}}