{"id":1655,"date":"2023-04-04T00:00:00","date_gmt":"2023-04-04T03:00:00","guid":{"rendered":"http:\/\/catolicanet.net\/wp-cnet\/santo-isidoro-de-sevilha\/"},"modified":"2023-01-02T18:50:57","modified_gmt":"2023-01-02T21:50:57","slug":"santo-isidoro-de-sevilha","status":"publish","type":"post","link":"https:\/\/catolicanet.net\/wp-cnet\/santo-isidoro-de-sevilha\/","title":{"rendered":"Santo Isidoro de Sevilha"},"content":{"rendered":"<p style=\"text-align: justify;\"><strong>Santo Isidoro de Sevilha<\/strong><\/p>\n<p>\u00a8Eu sou a ressurrei\u00e7\u00e3o e a vida. Quem cr\u00ea em mim, ainda que morra, viver\u00e1.\u00a8 Jo 11,25<br \/>\nA esperan\u00e7a domina sempre o ambiente verdadeiramente crist\u00e3o. Hoje \u00e9 o dia que celebramos Santo Isidoro de Sevilha. Foi um dos maiores homens de toda a hist\u00f3ria da Espanha &#8211; e por que n\u00e3o dizer? &#8211; de toda a Hist\u00f3ria da Igreja. Foi chamado at\u00e9 &#8220;Pai dos Conc\u00edlios&#8221;.<\/p>\n<p>De fato, dirigiu o IV Conc\u00edlio, em 683, um dos mais c\u00e9lebres, realizado em Toledo. Foi autor de muitos escritos. E chega a ser considerado o mais conhecido e estimado escritor espanhol da antiguidade. Sua obra parece uma verdadeira enciclop\u00e9dia daquele tempo. Al\u00e9m de comentar a B\u00edblia, a Filosofia, a Hist\u00f3ria, o Direito e as L\u00ednguas, ainda foi um verdadeiro Santo e incentivador de santos.<\/p>\n<p>&#8220;Quem cr\u00ea em mim, passa pela morte, mas continua vivendo&#8221;, diz Jesus.<\/p>\n<p style=\"text-align: justify;\">Santo Isidoro de Sevilha, rogai por n\u00f3s!<\/p>\n","protected":false},"excerpt":{"rendered":"<p>Santo Isidoro de Sevilha \u00a8Eu sou a ressurrei\u00e7\u00e3o e a vida. Quem cr\u00ea em mim, ainda que morra, viver\u00e1.\u00a8 Jo 11,25 A esperan\u00e7a domina sempre o ambiente verdadeiramente crist\u00e3o. Hoje \u00e9 o dia que celebramos Santo Isidoro de Sevilha. Foi um dos maiores homens de toda a hist\u00f3ria da Espanha &#8211; e por que n\u00e3o [&hellip;]<\/p>\n","protected":false},"author":1,"featured_media":22256,"comment_status":"closed","ping_status":"closed","sticky":false,"template":"","format":"standard","meta":{"footnotes":""},"categories":[32],"tags":[],"class_list":["post-1655","post","type-post","status-publish","format-standard","has-post-thumbnail","hentry","category-santo-do-dia"],"_links":{"self":[{"href":"https:\/\/catolicanet.net\/wp-cnet\/wp-json\/wp\/v2\/posts\/1655","targetHints":{"allow":["GET"]}}],"collection":[{"href":"https:\/\/catolicanet.net\/wp-cnet\/wp-json\/wp\/v2\/posts"}],"about":[{"href":"https:\/\/catolicanet.net\/wp-cnet\/wp-json\/wp\/v2\/types\/post"}],"author":[{"embeddable":true,"href":"https:\/\/catolicanet.net\/wp-cnet\/wp-json\/wp\/v2\/users\/1"}],"replies":[{"embeddable":true,"href":"https:\/\/catolicanet.net\/wp-cnet\/wp-json\/wp\/v2\/comments?post=1655"}],"version-history":[{"count":3,"href":"https:\/\/catolicanet.net\/wp-cnet\/wp-json\/wp\/v2\/posts\/1655\/revisions"}],"predecessor-version":[{"id":22257,"href":"https:\/\/catolicanet.net\/wp-cnet\/wp-json\/wp\/v2\/posts\/1655\/revisions\/22257"}],"wp:featuredmedia":[{"embeddable":true,"href":"https:\/\/catolicanet.net\/wp-cnet\/wp-json\/wp\/v2\/media\/22256"}],"wp:attachment":[{"href":"https:\/\/catolicanet.net\/wp-cnet\/wp-json\/wp\/v2\/media?parent=1655"}],"wp:term":[{"taxonomy":"category","embeddable":true,"href":"https:\/\/catolicanet.net\/wp-cnet\/wp-json\/wp\/v2\/categories?post=1655"},{"taxonomy":"post_tag","embeddable":true,"href":"https:\/\/catolicanet.net\/wp-cnet\/wp-json\/wp\/v2\/tags?post=1655"}],"curies":[{"name":"wp","href":"https:\/\/api.w.org\/{rel}","templated":true}]}}