{"id":16540,"date":"2016-07-25T18:21:20","date_gmt":"2016-07-25T21:21:20","guid":{"rendered":"http:\/\/catolicanet.net\/wp-cnet\/2016\/07\/25\/as-vesperas-da-jornada-mundial-da-juventude-jovens-catolicos-de-todo-mundo-apelam-para-que-seus-governos-invistam-em-energias-limpas\/"},"modified":"2017-05-31T09:57:22","modified_gmt":"2017-05-31T12:57:22","slug":"as-vesperas-da-jornada-mundial-da-juventude-jovens-catolicos-de-todo-mundo-apelam-para-que-seus-governos-invistam-em-energias-limpas","status":"publish","type":"post","link":"https:\/\/catolicanet.net\/wp-cnet\/as-vesperas-da-jornada-mundial-da-juventude-jovens-catolicos-de-todo-mundo-apelam-para-que-seus-governos-invistam-em-energias-limpas\/","title":{"rendered":"\u00c0s v\u00e9speras da Jornada Mundial da Juventude, jovens cat\u00f3licos de todo mundo apelam para que seus governos invistam em energias limpas"},"content":{"rendered":"<p style=\"text-align: justify;\">Crac\u00f3via, segunda-feira 25 de julho: Apenas alguns dias antes do in\u00edcio da Jornada Mundial da Juventude &#8211; uma semana de encontros entre o Papa Francisco e dois milh\u00f5es de jovens cat\u00f3licos que acontecer\u00e1 na cidade de Crac\u00f3via, na Pol\u00f4nia, de segunda-feira, 25, at\u00e9 o domingo, 31 de julho &#8211; duas organiza\u00e7\u00f5es internacionais que representam cerca de 10 milh\u00f5es jovens estudantes cat\u00f3licos divulgaram hoje um comunicado (dispon\u00edvel on-line aqui) apelando aos governos para investir agora nos postos de trabalho sustent\u00e1veis e \u00e9ticos que esta e as futuras gera\u00e7\u00f5es de estudantes e jovens vir\u00e3o a ocupar nos anos vindouros.<\/p>\n<p>O Movimento Internacional de Estudantes Cat\u00f3licos (IMCS-MIEC Pax Romana) e os Jovens Estudantes Cat\u00f3licos Internacionais (IYCS \/ JECI), que representam movimentos estudantis nacionais cat\u00f3licos em mais de 100 pa\u00edses, disseram que o comunicado era sua aceita\u00e7\u00e3o do convite feito pelo Papa Francisco em junho de 2015 na Enc\u00edclica Laudato Si&#8217; se unir para, nas palavras de IMCS e IYCS, \u201cdiscutir, debater e celebrar a nossa rela\u00e7\u00e3o com o ambiente, com o outro, com a economia, com o trabalho e com muitos outros aspectos interligados da vida\u201d.<\/p>\n<p>Dado os n\u00edveis extremamente elevados de desemprego entre os jovens em muitos pa\u00edses e as refer\u00eancias da enc\u00edclica ao &#8220;valor do trabalho&#8221;, as duas organiza\u00e7\u00f5es sugerem que a substitui\u00e7\u00e3o de empregos insustent\u00e1veis, como os da ind\u00fastria de combust\u00edveis f\u00f3sseis, pelos postos de trabalho \u00e9ticos do futuro, tais como os do setor de energia limpa, deveria ser uma prioridade para os governos.<\/p>\n<p>&#8220;Se os governos s\u00e3o s\u00e9rios sobre a redu\u00e7\u00e3o do desemprego juvenil de forma \u00e9tica, sem amea\u00e7ar a qualidade de vida das gera\u00e7\u00f5es futuras, eles simplesmente t\u00eam de investir agora em encontrar alternativas para aqueles empregos que poluem o ambiente e contribuem para as altera\u00e7\u00f5es clim\u00e1ticas \u2013 os quais todos os pa\u00edses j\u00e1 concordam em n\u00e3o podem existir no longo prazo &#8220;, disse Richard Apeh, Secret\u00e1rio Geral da organiza\u00e7\u00e3o Jovens Estudantes Cat\u00f3licos Internacionais.<\/p>\n<p>A declara\u00e7\u00e3o tamb\u00e9m apela a outros jovens a &#8220;trabalhar e ser agentes de mudan\u00e7a em suas comunidades&#8221;, a fim de &#8220;criar um novo mundo marcado pela solidariedade, estilos de vida ecologicamente respons\u00e1veis, justi\u00e7a e paz&#8221;.<\/p>\n<p>&#8220;Nossa f\u00e9 nos encoraja a dar o exemplo, a fim de trazer o melhor da sociedade&#8221;, disse Edouard Pihewa Karoue, Presidente Internacional do Movimento Internacional de Estudantes Cat\u00f3licos. &#8220;Durante a pr\u00f3xima semana de festividades, quando pessoas de todo o mundo se re\u00fanem para compartilhar sua f\u00e9, estudantes cat\u00f3licos est\u00e3o enviando uma mensagem muito positiva: esta Terra, que dedicamos o nosso tempo para estudar, \u00e9 um lugar incr\u00edvel, um presente. Juntamente com os governos e outros jovens, temos uma oportunidade de avan\u00e7ar para reformar nossos sistemas e modos de vida para melhor, protegendo tanto o nosso ambiente como a dignidade humana &#8220;.<\/p>\n<p>A declara\u00e7\u00e3o \u00e9 apenas um dos muitos esfor\u00e7os globais para espalhar a mensagem da enc\u00edclica durante o Dia Mundial da Juventude. Como parte da campanha #LiveLaudatoSi, o Movimento Cat\u00f3lico Clim\u00e1tico Global\u00a0 criar\u00e1 uma Ecovila na Crac\u00f3via, onde realizar\u00e1 oficinas interativas com jovens cat\u00f3licos sobre como eles podem colocar a Enc\u00edclica em pr\u00e1tica e viver de forma mais sustent\u00e1vel.<\/p>\n<p>Tamb\u00e9m no dia de hoje, 25 de julho, a Universidade Jagellonian vai sediar uma confer\u00eancia intitulada &#8216;Ecologia Integral de Laudato Si&#8217;: a juventude como protagonista da mudan\u00e7a&#8217;, com o arcebispo de Crac\u00f3via, o Presidente da Comiss\u00e3o Organizadora do Dia Mundial da Juventude, o Ministro do Ambiente da Pol\u00f3nia e um dos conselheiros mais pr\u00f3ximos do Papa sobre a Enc\u00edclica, H.E. Cardeal Peter Turkson.<\/p>\n<p>&#8220;Esta declara\u00e7\u00e3o de estudantes cat\u00f3licos mostra o quanto a Enc\u00edclica empoderou os jovens para lutar por um mundo melhor&#8221;, disse Tom\u00e0s Insua, fundador coordenador do Movimento Cat\u00f3lico Global pelo Clima e Fulbright Scholar na Harvard Kennedy School. &#8220;N\u00e3o s\u00e3o s\u00f3 os jovens que foram inspirados na enc\u00edclica &#8211; o ano passado viu pol\u00edticos, investidores e empres\u00e1rios de todas as f\u00e9s e mesmo sem professar uma f\u00e9 mudarem a maneira de viver e trabalhar depois de ler o texto do Papa. A escala do desafio ambiental e clim\u00e1tico exigir\u00e1 que todos n\u00f3s trabalhemos juntos&#8221;.<\/p>\n<p>O Movimento Internacional de Estudantes Cat\u00f3licos (IMCS-MIEC Pax Romana), co-signat\u00e1rio da declara\u00e7\u00e3o, nasceu em 1921 sob o nome de &#8220;Pax Romana&#8221;. Ele representa estudantes universit\u00e1rios e do ensino superior em n\u00edvel internacional e tamb\u00e9m perante a ONU, onde tem status consultivo junto ao Conselho Econ\u00f4mico e Social (ECOSOC) e \u00e9 ativo em v\u00e1rias institui\u00e7\u00f5es juvenis da ONU, como UNMGCY (Major Group das Na\u00e7\u00f5es Unidas para a Inf\u00e2ncia e Juventude) e ICMYO (Encontro Internacional de Coordena\u00e7\u00e3o de Organiza\u00e7\u00f5es da Juventude). O IMCS trabalha com a UNESCO como uma ONG parceira, essencialmente, sobre os temas do di\u00e1logo inter-religioso (cultural) e constru\u00e7\u00e3o da paz. Tem 80 federa\u00e7\u00f5es nacionais filiadas.<\/p>\n<p>Os Jovens Estudantes Cat\u00f3licos Internacionais\u00a0 (IYCS \/ JECI), co-signat\u00e1rio da declara\u00e7\u00e3o, \u00e9 uma rede global de movimentos nacionais de alunos cat\u00f3licos com estatuto consultivo geral junto ao ECOSOC e status operacional com a UNESCO, e tem como objetivo incentivar os alunos a olhar para o mundo a partir da perspectiva dos pobres, com um compromisso com a solidariedade global, liberdade, justi\u00e7a e paz. O IYCS tem 87 Movimenta\u00e7\u00f5es de membros em 83 pa\u00edses.<\/p>\n<p>O Movimento Cat\u00f3lico Global pelo Clima (GCCM) \u00e9 uma rede internacional de mais de 250 organiza\u00e7\u00f5es cat\u00f3licas e indiv\u00edduos dedicados a cuidar da cria\u00e7\u00e3o de Deus, os pobres e as gera\u00e7\u00f5es futuras.<\/p>\n<p>Informa\u00e7\u00f5es para a imprensa:<\/p>\n<p>Para mais informa\u00e7\u00f5es sobre a declara\u00e7\u00e3o ou qualquer uma das atividades acima mencionadas, bem como entrevistas com qualquer um dos porta-vozes citados, voc\u00ea pode entrar em diretamente em contato com:<\/p>\n<p>Andrew Schenkel, Global Call for Climate Action<br \/>Email: andrew.schenkel@tcktcktck.org<\/p>\n<p>Caso precise de apoio por conta da barreira do idioma, estamos \u00e0 disposi\u00e7\u00e3o para fazer a intermedia\u00e7\u00e3o:<\/p>\n<p>Rita Silva e Silvia Dias<br \/>AViV Comunica\u00e7\u00e3o<br \/>rita.silva@avivcomunicacao.com.br<\/p>\n","protected":false},"excerpt":{"rendered":"<p>Crac\u00f3via, segunda-feira 25 de julho: Apenas alguns dias antes do in\u00edcio da Jornada Mundial da Juventude &#8211; uma semana de encontros entre o Papa Francisco e dois milh\u00f5es de jovens cat\u00f3licos que acontecer\u00e1 na cidade de Crac\u00f3via, na Pol\u00f4nia, de segunda-feira, 25, at\u00e9 o domingo, 31 de julho &#8211; duas organiza\u00e7\u00f5es internacionais que representam cerca [&hellip;]<\/p>\n","protected":false},"author":1,"featured_media":0,"comment_status":"open","ping_status":"open","sticky":false,"template":"","format":"standard","meta":{"footnotes":""},"categories":[4],"tags":[],"class_list":["post-16540","post","type-post","status-publish","format-standard","hentry","category-cotidiano"],"_links":{"self":[{"href":"https:\/\/catolicanet.net\/wp-cnet\/wp-json\/wp\/v2\/posts\/16540","targetHints":{"allow":["GET"]}}],"collection":[{"href":"https:\/\/catolicanet.net\/wp-cnet\/wp-json\/wp\/v2\/posts"}],"about":[{"href":"https:\/\/catolicanet.net\/wp-cnet\/wp-json\/wp\/v2\/types\/post"}],"author":[{"embeddable":true,"href":"https:\/\/catolicanet.net\/wp-cnet\/wp-json\/wp\/v2\/users\/1"}],"replies":[{"embeddable":true,"href":"https:\/\/catolicanet.net\/wp-cnet\/wp-json\/wp\/v2\/comments?post=16540"}],"version-history":[{"count":1,"href":"https:\/\/catolicanet.net\/wp-cnet\/wp-json\/wp\/v2\/posts\/16540\/revisions"}],"predecessor-version":[{"id":25522,"href":"https:\/\/catolicanet.net\/wp-cnet\/wp-json\/wp\/v2\/posts\/16540\/revisions\/25522"}],"wp:attachment":[{"href":"https:\/\/catolicanet.net\/wp-cnet\/wp-json\/wp\/v2\/media?parent=16540"}],"wp:term":[{"taxonomy":"category","embeddable":true,"href":"https:\/\/catolicanet.net\/wp-cnet\/wp-json\/wp\/v2\/categories?post=16540"},{"taxonomy":"post_tag","embeddable":true,"href":"https:\/\/catolicanet.net\/wp-cnet\/wp-json\/wp\/v2\/tags?post=16540"}],"curies":[{"name":"wp","href":"https:\/\/api.w.org\/{rel}","templated":true}]}}