{"id":16537,"date":"2016-07-25T17:49:10","date_gmt":"2016-07-25T20:49:10","guid":{"rendered":"http:\/\/catolicanet.net\/wp-cnet\/2016\/07\/25\/asialibano-cerca-de-250-mil-criancas-sirias-refugiadas-no-libano-nao-sao-escolarizadas\/"},"modified":"2017-05-31T09:57:23","modified_gmt":"2017-05-31T12:57:23","slug":"asialibano-cerca-de-250-mil-criancas-sirias-refugiadas-no-libano-nao-sao-escolarizadas","status":"publish","type":"post","link":"https:\/\/catolicanet.net\/wp-cnet\/asialibano-cerca-de-250-mil-criancas-sirias-refugiadas-no-libano-nao-sao-escolarizadas\/","title":{"rendered":"\u00c1SIA\/L\u00cdBANO &#8211; Cerca de 250 mil crian\u00e7as s\u00edrias refugiadas no L\u00edbano n\u00e3o s\u00e3o escolarizadas"},"content":{"rendered":"<p style=\"text-align: justify;\"><img decoding=\"async\" src=\"http:\/\/www.catolicanet.com.br\/images\/stories\/noticias\/primopiano_2161.jpg\" border=\"0\" align=\"left\" \/>Beirute (Ag\u00eancia Fides) \u2013 Mais da metade das cerca de 500 mil crian\u00e7as de idade escolar cadastradas no L\u00edbano n\u00e3o frequentam aulas por terem poucos recursos e devido \u00e0s pol\u00edticas do Governo liban\u00eas. A den\u00fancia prov\u00e9m de Human Rights Watch (HRW) que, em estudo recente, assinalou tamb\u00e9m os passos positivos do pa\u00eds para consentir o acesso dos refugiados s\u00edrios ao ensino p\u00fablico e gratuito. Na nota recebida pela Fides, a ONG evidencia a import\u00e2ncia da instru\u00e7\u00e3o, crucial para que as crian\u00e7as possam ter um instrumento para enfrentar e superar o trauma da guerra e do deslocamento, al\u00e9m de ter um papel positivo na futura reconstru\u00e7\u00e3o da S\u00edria.<br \/>O L\u00edbano est\u00e1 oferecendo uma s\u00e9rie de aulas vespertinas em 238 escolas para atender um maior n\u00famero de alunos no ano letivo 2015-2016. Tamb\u00e9m foram aumentadas as vagas para refugiados s\u00edrios nas escolas do L\u00edbano, mesmo se muitas ficaram vazias por causa de problemas econ\u00f4micos. Com efeito, 70% das fam\u00edlias s\u00edrias n\u00e3o pode enfrentar despesas para a compra de material e manuten\u00e7\u00e3o escolar. Al\u00e9m do fator econ\u00f4mico, outros motivos que prejudicam a alfabetiza\u00e7\u00e3o s\u00e3o os abusos e mol\u00e9stias a que s\u00e3o submetidas as crian\u00e7as, o uso de l\u00ednguas que os pequenos s\u00edrios n\u00e3o falam ou normas de inscri\u00e7\u00e3o espec\u00edficas. As crian\u00e7as do ensino m\u00e9dio encontram impedimentos ainda maiores, como a dificuldade de obter visto de resid\u00eancia legal depois de 15 anos. Somente 3% delas conseguiram se matricular na escola no ano passado. Atualmente, no L\u00edbano h\u00e1 1,1 milh\u00e3o de refugiados s\u00edrios cadastrados oficialmente, metade dos quais \u00e9 menor de idade. As autoridades fazem uma estima mais alta.<\/p>\n<p style=\"text-align: justify;\">\u00a0<\/p>\n<p style=\"text-align: justify;\">Fonte: Ag\u00eancia Fides<\/p>\n<p style=\"text-align: justify;\">\u00a0<\/p>\n<p style=\"text-align: justify;\">\u00a0<\/p>\n","protected":false},"excerpt":{"rendered":"<p>Beirute (Ag\u00eancia Fides) \u2013 Mais da metade das cerca de 500 mil crian\u00e7as de idade escolar cadastradas no L\u00edbano n\u00e3o frequentam aulas por terem poucos recursos e devido \u00e0s pol\u00edticas do Governo liban\u00eas. A den\u00fancia prov\u00e9m de Human Rights Watch (HRW) que, em estudo recente, assinalou tamb\u00e9m os passos positivos do pa\u00eds para consentir o [&hellip;]<\/p>\n","protected":false},"author":1,"featured_media":16536,"comment_status":"open","ping_status":"open","sticky":false,"template":"","format":"standard","meta":{"footnotes":""},"categories":[4],"tags":[],"class_list":["post-16537","post","type-post","status-publish","format-standard","has-post-thumbnail","hentry","category-cotidiano"],"_links":{"self":[{"href":"https:\/\/catolicanet.net\/wp-cnet\/wp-json\/wp\/v2\/posts\/16537","targetHints":{"allow":["GET"]}}],"collection":[{"href":"https:\/\/catolicanet.net\/wp-cnet\/wp-json\/wp\/v2\/posts"}],"about":[{"href":"https:\/\/catolicanet.net\/wp-cnet\/wp-json\/wp\/v2\/types\/post"}],"author":[{"embeddable":true,"href":"https:\/\/catolicanet.net\/wp-cnet\/wp-json\/wp\/v2\/users\/1"}],"replies":[{"embeddable":true,"href":"https:\/\/catolicanet.net\/wp-cnet\/wp-json\/wp\/v2\/comments?post=16537"}],"version-history":[{"count":1,"href":"https:\/\/catolicanet.net\/wp-cnet\/wp-json\/wp\/v2\/posts\/16537\/revisions"}],"predecessor-version":[{"id":25524,"href":"https:\/\/catolicanet.net\/wp-cnet\/wp-json\/wp\/v2\/posts\/16537\/revisions\/25524"}],"wp:featuredmedia":[{"embeddable":true,"href":"https:\/\/catolicanet.net\/wp-cnet\/wp-json\/wp\/v2\/media\/16536"}],"wp:attachment":[{"href":"https:\/\/catolicanet.net\/wp-cnet\/wp-json\/wp\/v2\/media?parent=16537"}],"wp:term":[{"taxonomy":"category","embeddable":true,"href":"https:\/\/catolicanet.net\/wp-cnet\/wp-json\/wp\/v2\/categories?post=16537"},{"taxonomy":"post_tag","embeddable":true,"href":"https:\/\/catolicanet.net\/wp-cnet\/wp-json\/wp\/v2\/tags?post=16537"}],"curies":[{"name":"wp","href":"https:\/\/api.w.org\/{rel}","templated":true}]}}