{"id":16521,"date":"2016-07-26T03:00:00","date_gmt":"2016-07-26T06:00:00","guid":{"rendered":"http:\/\/catolicanet.net\/wp-cnet\/2016\/07\/26\/a-sabedoria-dos-avos\/"},"modified":"2017-05-08T10:06:52","modified_gmt":"2017-05-08T13:06:52","slug":"a-sabedoria-dos-avos","status":"publish","type":"post","link":"https:\/\/catolicanet.net\/wp-cnet\/a-sabedoria-dos-avos\/","title":{"rendered":"A sabedoria dos av\u00f3s"},"content":{"rendered":"<p style=\"text-align: justify;\"><img decoding=\"async\" src=\"http:\/\/www.catolicanet.com.br\/images\/stories\/noticias\/jos expedito.jpg\" border=\"0\" align=\"left\" \/><\/p>\n<p style=\"text-align: justify;\">&#8220;Ben\u00e7a v\u00f4! Ben\u00e7a v\u00f3!&#8221;<\/p>\n<p>Jos\u00e9 Expedito da Silva \u00e9 av\u00f4, jornalista e apresenta o Jornal Caf\u00e9 da Manh\u00e3 na R\u00e1dio Can\u00e7\u00e3o Nova.<\/p>\n<p style=\"text-align: justify;\">Certamente voc\u00ea j\u00e1 disse ou ouviu dizer que os av\u00f3s estragam a educa\u00e7\u00e3o dos netos e tiram a autoridade dos pais.<\/p>\n<p>Esta afirma\u00e7\u00e3o \u00e9 falsa ou verdadeira?<\/p>\n<p>A resposta n\u00e3o \u00e9 t\u00e3o simples assim, pois n\u00e3o devemos generalizar comportamentos. Nas rela\u00e7\u00f5es familiares h\u00e1 quem queira determinar um comportamento padr\u00e3o e \u00e9 rigoroso na cobran\u00e7a dos filhos e netos. Mas, h\u00e1 tamb\u00e9m quem sabiamente aconselha e passa sua experi\u00eancia de vida com o devido respeito \u00e0s individualidades e \u00e0s diferen\u00e7as culturais das novas gera\u00e7\u00f5es.<\/p>\n<p>Na realidade, esse tema da participa\u00e7\u00e3o dos av\u00f3s na educa\u00e7\u00e3o dos netos ganha ainda mais destaque, especialmente nesse tempo em que a sociedade vive a grave crise do conceito de fam\u00edlia. S\u00e3o pais que estudam, trabalham, ficam desempregados ou se separam muito cedo e acabam deixando os filhos mais tempo com os av\u00f3s. E \u00e9 feliz quem tem a presen\u00e7a segura do vov\u00f4 e da vov\u00f3, como amigos, conselheiros e companheiros de caminhada, contribuindo assim para o desenvolvimento emocional e espiritual dessas crian\u00e7as e adolescentes.<\/p>\n<p>Nesse contexto, o Papa Francisco afirma que \u201cos av\u00f3s na fam\u00edlia s\u00e3o os deposit\u00e1rios e, muitas vezes, testemunhas dos valores fundamentais da vida. A tarefa educativa dos av\u00f3s \u00e9 sempre muito importante e torna-se ainda mais, quando, por v\u00e1rias raz\u00f5es, os pais n\u00e3o s\u00e3o capazes de assegurar uma presen\u00e7a adequada ao lado dos filhos durante a idade do crescimento.\u201d<\/p>\n<p>Portanto, para se evitar a injusta generaliza\u00e7\u00e3o sobre a interfer\u00eancia dos av\u00f3s na educa\u00e7\u00e3o dos netos, \u00e9 recomend\u00e1vel que se observe e considere a sabedoria das pessoas idosas que, por sua experi\u00eancia de vida, t\u00eam mais habilidade no trato com as crian\u00e7as e adolescentes. Mas, vamos combinar: PAI \u00e9 pai e AV\u00d4 \u00e9 av\u00f4&#8230; E cada um deve agir conforme o combinado, para evitar conflitos.<\/p>\n<p>Com toda essa viv\u00eancia na educa\u00e7\u00e3o dos pr\u00f3prios filhos, amadurecida pelo tempo de reflex\u00e3o sobre seus erros e acertos, os av\u00f3s t\u00eam papel fundamental na cultura do di\u00e1logo e da paz na fam\u00edlia. Sempre com uma boa hist\u00f3ria para contar, eles s\u00e3o agentes de conscientiza\u00e7\u00e3o e forma\u00e7\u00e3o das pessoas para uma rela\u00e7\u00e3o familiar humanizada e fundada nas virtudes da f\u00e9, esperan\u00e7a e amor.<\/p>\n<p>Para saber se estamos sendo bons &#8220;av\u00f3s\/pais&#8221;, proponho uma releitura do &#8220;Hino da Caridade&#8221;, escrito por S\u00e3o Paulo \u00e0 Comunidade de Corinto, colocando SEU NOME no lugar da palavra AMOR ou CARIDADE. Com o devido respeito ao texto original da Palavra de Deus, a vers\u00e3o reflexiva torna-se uma verdadeira &#8220;Ora\u00e7\u00e3o de Amoriza\u00e7\u00e3o&#8221;:<\/p>\n<p>&#8220;O amor \u00e9 paciente, \u00e9 benfazejo; n\u00e3o \u00e9 invejoso, n\u00e3o \u00e9 presun\u00e7oso nem se incha de orgulho; n\u00e3o faz nada de vergonhoso, n\u00e3o \u00e9 interesseiro, n\u00e3o se encoleriza, n\u00e3o leva em conta o mal sofrido; n\u00e3o se alegra com a injusti\u00e7a, mas fica alegre com a verdade. Ele desculpa tudo, cr\u00ea tudo, espera tudo, suporta tudo&#8221; (I Cor 13,4-7).<\/p>\n<p>Este exerc\u00edcio espiritual pode ser repetido todos os dias, quantas vezes for necess\u00e1rio, pois \u00e9 um santo rem\u00e9dio para uma vida familiar saud\u00e1vel.<\/p>\n<p><\/p>\n","protected":false},"excerpt":{"rendered":"<p>&#8220;Ben\u00e7a v\u00f4! Ben\u00e7a v\u00f3!&#8221; Jos\u00e9 Expedito da Silva \u00e9 av\u00f4, jornalista e apresenta o Jornal Caf\u00e9 da Manh\u00e3 na R\u00e1dio Can\u00e7\u00e3o Nova. Certamente voc\u00ea j\u00e1 disse ou ouviu dizer que os av\u00f3s estragam a educa\u00e7\u00e3o dos netos e tiram a autoridade dos pais. Esta afirma\u00e7\u00e3o \u00e9 falsa ou verdadeira? A resposta n\u00e3o \u00e9 t\u00e3o simples [&hellip;]<\/p>\n","protected":false},"author":1,"featured_media":16520,"comment_status":"open","ping_status":"open","sticky":false,"template":"","format":"standard","meta":{"footnotes":""},"categories":[9],"tags":[],"class_list":["post-16521","post","type-post","status-publish","format-standard","has-post-thumbnail","hentry","category-artigos"],"_links":{"self":[{"href":"https:\/\/catolicanet.net\/wp-cnet\/wp-json\/wp\/v2\/posts\/16521","targetHints":{"allow":["GET"]}}],"collection":[{"href":"https:\/\/catolicanet.net\/wp-cnet\/wp-json\/wp\/v2\/posts"}],"about":[{"href":"https:\/\/catolicanet.net\/wp-cnet\/wp-json\/wp\/v2\/types\/post"}],"author":[{"embeddable":true,"href":"https:\/\/catolicanet.net\/wp-cnet\/wp-json\/wp\/v2\/users\/1"}],"replies":[{"embeddable":true,"href":"https:\/\/catolicanet.net\/wp-cnet\/wp-json\/wp\/v2\/comments?post=16521"}],"version-history":[{"count":1,"href":"https:\/\/catolicanet.net\/wp-cnet\/wp-json\/wp\/v2\/posts\/16521\/revisions"}],"predecessor-version":[{"id":21418,"href":"https:\/\/catolicanet.net\/wp-cnet\/wp-json\/wp\/v2\/posts\/16521\/revisions\/21418"}],"wp:featuredmedia":[{"embeddable":true,"href":"https:\/\/catolicanet.net\/wp-cnet\/wp-json\/wp\/v2\/media\/16520"}],"wp:attachment":[{"href":"https:\/\/catolicanet.net\/wp-cnet\/wp-json\/wp\/v2\/media?parent=16521"}],"wp:term":[{"taxonomy":"category","embeddable":true,"href":"https:\/\/catolicanet.net\/wp-cnet\/wp-json\/wp\/v2\/categories?post=16521"},{"taxonomy":"post_tag","embeddable":true,"href":"https:\/\/catolicanet.net\/wp-cnet\/wp-json\/wp\/v2\/tags?post=16521"}],"curies":[{"name":"wp","href":"https:\/\/api.w.org\/{rel}","templated":true}]}}