{"id":16504,"date":"2016-07-25T13:40:17","date_gmt":"2016-07-25T16:40:17","guid":{"rendered":"http:\/\/catolicanet.net\/wp-cnet\/2016\/07\/25\/no-aviao-de-roma-a-cracovia-com-peregrinos-brasileiros\/"},"modified":"2017-06-02T11:23:56","modified_gmt":"2017-06-02T14:23:56","slug":"no-aviao-de-roma-a-cracovia-com-peregrinos-brasileiros","status":"publish","type":"post","link":"https:\/\/catolicanet.net\/wp-cnet\/no-aviao-de-roma-a-cracovia-com-peregrinos-brasileiros\/","title":{"rendered":"No avi\u00e3o de Roma a Crac\u00f3via com peregrinos brasileiros"},"content":{"rendered":"<p style=\"text-align: justify;\"><img decoding=\"async\" src=\"http:\/\/www.catolicanet.com.br\/images\/stories\/noticias\/rv17831_articolo.jpg\" border=\"0\" align=\"left\" \/>Para muitos grupos de brasileiros, a peregrina\u00e7\u00e3o at\u00e9 a Jornada Mundial da Juventude teve como \u00faltima etapa a passagem por Roma. A Cidade Eterna e o Vaticano fecharam a prepara\u00e7\u00e3o de um grupo de Curitiba.<\/p>\n<p style=\"text-align: justify;\"><a href=\"http:\/\/media02.radiovaticana.va\/audio\/audio2\/mp3\/00540653.mp3\">Clique aqui para ouvir.<\/a><\/p>\n<p>N\u00f3s encontramos o grupo da par\u00f3quia de S\u00e3o Grato, em Curitiba, no aeroporto de Ciampino rumo \u00e0 Crac\u00f3via.<\/p>\n<p>\u201cVai ser a minha segunda jornada. A partir da Jornada do Rio eu comecei a entender que a JMJ n\u00e3o \u00e9 s\u00f3 para quem est\u00e1 l\u00e1, e sim para o mundo inteiro. A partir do dia 25 todo mundo tem que se juntar em prol do mesmo objetivo\u201d, disse Marlos Adriano do Nascimento.<\/p>\n<p>Subindo as escadas do avi\u00e3o encontramos tamb\u00e9m a Ir. Let\u00edcia Santa Br\u00edgida, mission\u00e1ria de Santa Teresinha, de Bel\u00e9m (PA).<\/p>\n<p>\u201cEstamos nos preparando h\u00e1 tr\u00eas anos para este encontro, para a catequese, para a evangeliza\u00e7\u00e3o, tanto para n\u00f3s quanto para as pessoas que n\u00f3s encontramos\u201d.<\/p>\n<p>J\u00e1 dentro do avi\u00e3o, continuamos a conversar com o grupo de Curitiba, agora com Ivan Luiz Razera, que chega para a sua primeira JMJ.<\/p>\n<p>\u201cPassamos por \u2018bons bocados\u2019 desde de Curitiba para que a viagem desse certo. Espero ter uma boa intera\u00e7\u00e3o e contato com Deus\u201d, disse Ivan.<\/p>\n<p>Lorena Lafraia chega para a segunda jornada ap\u00f3s o Rio em 2013. Ela ficou muito marcada com Roma: \u201cO que mais me tocou foi o momento diante da Manjedoura na Bas\u00edlica de Santa Maria Maior\u201d.<\/p>\n<p>\u201cA gente espera o encontro com os jovens do mundo inteiro em Crac\u00f3via, mas \u00e9 claro que tamb\u00e9m queremos ver o Papa\u201d, contou.<\/p>\n<p>Maiara Coelho, que gravava com o celular todas as entrevistas, recordou as noites mal dormidas para realizar o projeto de estar em Crac\u00f3via.<\/p>\n<p>\u201cJ\u00e1 estamos h\u00e1 tr\u00eas anos nesta batalha. A gente formou uma fam\u00edlia bem grande. A gente optou por n\u00e3o fazer por ag\u00eancia, ent\u00e3o tivemos que fazer tudo por nossa conta: dormindo tarde e acordando cedo para estar aqui\u201d. <\/p>\n<p>Do avi\u00e3o de Roma para Crac\u00f3via, Rafael Belincanta.<\/p>\n<p style=\"text-align: justify;\">\u00a0<\/p>\n<p style=\"text-align: justify;\">Fonte: R\u00e1dio Vaticano<\/p>\n","protected":false},"excerpt":{"rendered":"<p>Para muitos grupos de brasileiros, a peregrina\u00e7\u00e3o at\u00e9 a Jornada Mundial da Juventude teve como \u00faltima etapa a passagem por Roma. A Cidade Eterna e o Vaticano fecharam a prepara\u00e7\u00e3o de um grupo de Curitiba. Clique aqui para ouvir. N\u00f3s encontramos o grupo da par\u00f3quia de S\u00e3o Grato, em Curitiba, no aeroporto de Ciampino rumo [&hellip;]<\/p>\n","protected":false},"author":1,"featured_media":16503,"comment_status":"open","ping_status":"open","sticky":false,"template":"","format":"standard","meta":{"footnotes":""},"categories":[3],"tags":[],"class_list":["post-16504","post","type-post","status-publish","format-standard","has-post-thumbnail","hentry","category-vaticano"],"_links":{"self":[{"href":"https:\/\/catolicanet.net\/wp-cnet\/wp-json\/wp\/v2\/posts\/16504","targetHints":{"allow":["GET"]}}],"collection":[{"href":"https:\/\/catolicanet.net\/wp-cnet\/wp-json\/wp\/v2\/posts"}],"about":[{"href":"https:\/\/catolicanet.net\/wp-cnet\/wp-json\/wp\/v2\/types\/post"}],"author":[{"embeddable":true,"href":"https:\/\/catolicanet.net\/wp-cnet\/wp-json\/wp\/v2\/users\/1"}],"replies":[{"embeddable":true,"href":"https:\/\/catolicanet.net\/wp-cnet\/wp-json\/wp\/v2\/comments?post=16504"}],"version-history":[{"count":1,"href":"https:\/\/catolicanet.net\/wp-cnet\/wp-json\/wp\/v2\/posts\/16504\/revisions"}],"predecessor-version":[{"id":28181,"href":"https:\/\/catolicanet.net\/wp-cnet\/wp-json\/wp\/v2\/posts\/16504\/revisions\/28181"}],"wp:featuredmedia":[{"embeddable":true,"href":"https:\/\/catolicanet.net\/wp-cnet\/wp-json\/wp\/v2\/media\/16503"}],"wp:attachment":[{"href":"https:\/\/catolicanet.net\/wp-cnet\/wp-json\/wp\/v2\/media?parent=16504"}],"wp:term":[{"taxonomy":"category","embeddable":true,"href":"https:\/\/catolicanet.net\/wp-cnet\/wp-json\/wp\/v2\/categories?post=16504"},{"taxonomy":"post_tag","embeddable":true,"href":"https:\/\/catolicanet.net\/wp-cnet\/wp-json\/wp\/v2\/tags?post=16504"}],"curies":[{"name":"wp","href":"https:\/\/api.w.org\/{rel}","templated":true}]}}