{"id":16502,"date":"2016-07-25T13:34:06","date_gmt":"2016-07-25T16:34:06","guid":{"rendered":"http:\/\/catolicanet.net\/wp-cnet\/2016\/07\/25\/qoracao-principal-instrumento-de-trabalho-e-salvacao-de-vidaq\/"},"modified":"2017-06-02T09:27:24","modified_gmt":"2017-06-02T12:27:24","slug":"qoracao-principal-instrumento-de-trabalho-e-salvacao-de-vidaq","status":"publish","type":"post","link":"https:\/\/catolicanet.net\/wp-cnet\/qoracao-principal-instrumento-de-trabalho-e-salvacao-de-vidaq\/","title":{"rendered":"&#8220;Ora\u00e7\u00e3o, principal instrumento de trabalho e salva\u00e7\u00e3o de vida&#8221;"},"content":{"rendered":"<p style=\"text-align: justify;\"><img decoding=\"async\" src=\"http:\/\/www.catolicanet.com.br\/images\/stories\/noticias\/reuters1567167_articolo.jpg\" border=\"0\" align=\"left\" \/>A import\u00e2ncia da ora\u00e7\u00e3o como \u2018ferramenta de trabalho\u2019 e salva\u00e7\u00e3o de vida: este foi o fulcro das palavras do Papa Francisco em sua reflex\u00e3o antes de rezar a ora\u00e7\u00e3o mariana do Angelus, neste domingo, 24 de julho.<\/p>\n<p style=\"text-align: justify;\"><a href=\"http:\/\/media02.radiovaticana.va\/audio\/audio2\/mp3\/00540636.mp3\">Clique aqui para ouvir.<\/a><\/p>\n<p>Milhares de fi\u00e9is, principalmente jovens, participaram do encontro, e muitas bandeiras brasileiras enfeitaram a Pra\u00e7a S\u00e3o Pedro. A comitiva de S\u00e3o Jo\u00e3o da Boa Vista (SP), bastante numerosa, foi saudada pelo Papa no momento final.<\/p>\n<p>\u201cSenhor, ensina-me a rezar\u201d foi a frase que o Pont\u00edfice destacou do Evangelho do dia (Lc 11, 1-13), recordando que a palavra \u2018Pai\u2019 \u00e9 o segredo \u2018fundamental\u2019 da ora\u00e7\u00e3o.<\/p>\n<p>\u201c\u00c9 a chave que Ele nos d\u00e1 para que possamos entrar tamb\u00e9m na rela\u00e7\u00e3o de di\u00e1logo \u00edntimo com o Pai\u201d, afirmou, reiterando que \u201cinsistir com Deus n\u00e3o serve para convenc\u00ea-lo, mas para fortalecer a nossa f\u00e9, nossa capacidade de lutar com Deus pelas coisas realmente importantes\u201d. E dentre elas, o Papa apontou o Esp\u00edrito Santo.<\/p>\n<p>Citando a ora\u00e7\u00e3o do \u2018Pai Nosso\u2019, Francisco lembrou que Lucas menciona tr\u00eas s\u00faplicas: o p\u00e3o, com o qual Jesus nos mostra o que \u00e9 necess\u00e1rio e n\u00e3o o sup\u00e9rfluo; o perd\u00e3o, que recebemos antes de tudo de Deus e que nos torna capazes de realizar gestos de reconcilia\u00e7\u00e3o; e enfim, o terceiro pedido: \u2018n\u00e3o nos deixeis cair em tenta\u00e7\u00e3o\u2019, um conceito que expressa a nossa condi\u00e7\u00e3o de estarmos sempre \u00e0 merc\u00ea do mal e da corrup\u00e7\u00e3o.<\/p>\n<p>\u201cN\u00e3o se pode viver sem p\u00e3o, n\u00e3o se pode viver sem perd\u00e3o e n\u00e3o se pode viver sem a ajuda de Deus para n\u00e3o cairmos em tenta\u00e7\u00e3o\u201d, assegurou o Pont\u00edfice, concluindo: \u201cSabemos bem o que s\u00e3o as tenta\u00e7\u00f5es!\u201d.<\/p>\n<p style=\"text-align: justify;\">\u00a0<\/p>\n<p style=\"text-align: justify;\">Fonte: R\u00e1dio Vaticano<\/p>\n","protected":false},"excerpt":{"rendered":"<p>A import\u00e2ncia da ora\u00e7\u00e3o como \u2018ferramenta de trabalho\u2019 e salva\u00e7\u00e3o de vida: este foi o fulcro das palavras do Papa Francisco em sua reflex\u00e3o antes de rezar a ora\u00e7\u00e3o mariana do Angelus, neste domingo, 24 de julho. Clique aqui para ouvir. Milhares de fi\u00e9is, principalmente jovens, participaram do encontro, e muitas bandeiras brasileiras enfeitaram a [&hellip;]<\/p>\n","protected":false},"author":1,"featured_media":16501,"comment_status":"open","ping_status":"open","sticky":false,"template":"","format":"standard","meta":{"footnotes":""},"categories":[3],"tags":[],"class_list":["post-16502","post","type-post","status-publish","format-standard","has-post-thumbnail","hentry","category-vaticano"],"_links":{"self":[{"href":"https:\/\/catolicanet.net\/wp-cnet\/wp-json\/wp\/v2\/posts\/16502","targetHints":{"allow":["GET"]}}],"collection":[{"href":"https:\/\/catolicanet.net\/wp-cnet\/wp-json\/wp\/v2\/posts"}],"about":[{"href":"https:\/\/catolicanet.net\/wp-cnet\/wp-json\/wp\/v2\/types\/post"}],"author":[{"embeddable":true,"href":"https:\/\/catolicanet.net\/wp-cnet\/wp-json\/wp\/v2\/users\/1"}],"replies":[{"embeddable":true,"href":"https:\/\/catolicanet.net\/wp-cnet\/wp-json\/wp\/v2\/comments?post=16502"}],"version-history":[{"count":1,"href":"https:\/\/catolicanet.net\/wp-cnet\/wp-json\/wp\/v2\/posts\/16502\/revisions"}],"predecessor-version":[{"id":27588,"href":"https:\/\/catolicanet.net\/wp-cnet\/wp-json\/wp\/v2\/posts\/16502\/revisions\/27588"}],"wp:featuredmedia":[{"embeddable":true,"href":"https:\/\/catolicanet.net\/wp-cnet\/wp-json\/wp\/v2\/media\/16501"}],"wp:attachment":[{"href":"https:\/\/catolicanet.net\/wp-cnet\/wp-json\/wp\/v2\/media?parent=16502"}],"wp:term":[{"taxonomy":"category","embeddable":true,"href":"https:\/\/catolicanet.net\/wp-cnet\/wp-json\/wp\/v2\/categories?post=16502"},{"taxonomy":"post_tag","embeddable":true,"href":"https:\/\/catolicanet.net\/wp-cnet\/wp-json\/wp\/v2\/tags?post=16502"}],"curies":[{"name":"wp","href":"https:\/\/api.w.org\/{rel}","templated":true}]}}