{"id":16492,"date":"2016-07-25T12:46:18","date_gmt":"2016-07-25T15:46:18","guid":{"rendered":"http:\/\/catolicanet.net\/wp-cnet\/2016\/07\/25\/diocese-de-cruz-alta-realiza-1o-encontrao-diocesano-de-comunicacao\/"},"modified":"2017-05-26T15:27:30","modified_gmt":"2017-05-26T18:27:30","slug":"diocese-de-cruz-alta-realiza-1o-encontrao-diocesano-de-comunicacao","status":"publish","type":"post","link":"https:\/\/catolicanet.net\/wp-cnet\/diocese-de-cruz-alta-realiza-1o-encontrao-diocesano-de-comunicacao\/","title":{"rendered":"Diocese de Cruz Alta realiza 1\u00ba Encontr\u00e3o Diocesano de Comunica\u00e7\u00e3o"},"content":{"rendered":"<p style=\"text-align: justify;\"><img decoding=\"async\" src=\"http:\/\/www.catolicanet.com.br\/images\/stories\/noticias\/cartaz_cruzalta.jpg\" border=\"0\" align=\"left\" \/>\u201cA Comunica\u00e7\u00e3o na Igreja em tempo de mudan\u00e7as\u201d \u00e9 o tema central do evento<\/p>\n<p>Com o objetivo de reunir comunicadores, profissionais, agentes de pastoral, movimentos e autoridades da Igreja para refletirem a respeito da comunica\u00e7\u00e3o e seu uso no trabalho, na vida da Igreja e na sociedade, a Pastoral da Comunica\u00e7\u00e3o da diocese de Cruz Alta (RS) realizar\u00e1 a primeira edi\u00e7\u00e3o do Encontr\u00e3o Diocesano de Comunica\u00e7\u00e3o (EDICOM), no dia 13 de agosto, no Centro de Forma\u00e7\u00e3o Pastoral.<\/p>\n<p>Com o tema central \u201cA Comunica\u00e7\u00e3o na Igreja em tempo de mudan\u00e7as\u201d e o lema \u201cA Espiritualidade do Comunicador\u201d, o evento visa, tamb\u00e9m, oferecer uma forma\u00e7\u00e3o para aqueles que desejam ou j\u00e1 trabalham com a comunica\u00e7\u00e3o na Igreja, auxiliando com t\u00e9cnicas de produ\u00e7\u00e3o.<\/p>\n<p>\u201cTenho certeza de que a caminhada e o crescimento da Igreja passam pela comunica\u00e7\u00e3o. Sem comunica\u00e7\u00e3o, n\u00e3o h\u00e1 evangeliza\u00e7\u00e3o. Isso \u00e9 poss\u00edvel com uma comunica\u00e7\u00e3o de qualidade, onde todos podem tomar conhecimento dos acontecimentos da vida da Igreja\u201d, afirma o coordenador diocesano de Pastoral, padre Aldecir Corassa.<br \/>Programa\u00e7\u00e3o<\/p>\n<p>Durante o evento tamb\u00e9m haver\u00e1 a palestra sobre \u201cA Espiritualidade do Comunicador\u201d. J\u00e1 na parte da tarde, acontecer\u00e3o diversas oficinas te\u00f3rica\/pr\u00e1tica, como: Fotografia, Reda\u00e7\u00e3o, Diagrama\u00e7\u00e3o, R\u00e1dio e Edi\u00e7\u00e3o de v\u00eddeo.<\/p>\n<p>Com informa\u00e7\u00f5es da diocese de Cruz Alta<\/p>\n<p style=\"text-align: justify;\">\u00a0<\/p>\n<p style=\"text-align: justify;\">Fonte: CNBB<\/p>\n","protected":false},"excerpt":{"rendered":"<p>\u201cA Comunica\u00e7\u00e3o na Igreja em tempo de mudan\u00e7as\u201d \u00e9 o tema central do evento Com o objetivo de reunir comunicadores, profissionais, agentes de pastoral, movimentos e autoridades da Igreja para refletirem a respeito da comunica\u00e7\u00e3o e seu uso no trabalho, na vida da Igreja e na sociedade, a Pastoral da Comunica\u00e7\u00e3o da diocese de Cruz [&hellip;]<\/p>\n","protected":false},"author":1,"featured_media":16491,"comment_status":"open","ping_status":"open","sticky":false,"template":"","format":"standard","meta":{"footnotes":""},"categories":[7],"tags":[],"class_list":["post-16492","post","type-post","status-publish","format-standard","has-post-thumbnail","hentry","category-cnbb"],"_links":{"self":[{"href":"https:\/\/catolicanet.net\/wp-cnet\/wp-json\/wp\/v2\/posts\/16492","targetHints":{"allow":["GET"]}}],"collection":[{"href":"https:\/\/catolicanet.net\/wp-cnet\/wp-json\/wp\/v2\/posts"}],"about":[{"href":"https:\/\/catolicanet.net\/wp-cnet\/wp-json\/wp\/v2\/types\/post"}],"author":[{"embeddable":true,"href":"https:\/\/catolicanet.net\/wp-cnet\/wp-json\/wp\/v2\/users\/1"}],"replies":[{"embeddable":true,"href":"https:\/\/catolicanet.net\/wp-cnet\/wp-json\/wp\/v2\/comments?post=16492"}],"version-history":[{"count":1,"href":"https:\/\/catolicanet.net\/wp-cnet\/wp-json\/wp\/v2\/posts\/16492\/revisions"}],"predecessor-version":[{"id":23542,"href":"https:\/\/catolicanet.net\/wp-cnet\/wp-json\/wp\/v2\/posts\/16492\/revisions\/23542"}],"wp:featuredmedia":[{"embeddable":true,"href":"https:\/\/catolicanet.net\/wp-cnet\/wp-json\/wp\/v2\/media\/16491"}],"wp:attachment":[{"href":"https:\/\/catolicanet.net\/wp-cnet\/wp-json\/wp\/v2\/media?parent=16492"}],"wp:term":[{"taxonomy":"category","embeddable":true,"href":"https:\/\/catolicanet.net\/wp-cnet\/wp-json\/wp\/v2\/categories?post=16492"},{"taxonomy":"post_tag","embeddable":true,"href":"https:\/\/catolicanet.net\/wp-cnet\/wp-json\/wp\/v2\/tags?post=16492"}],"curies":[{"name":"wp","href":"https:\/\/api.w.org\/{rel}","templated":true}]}}