{"id":16490,"date":"2016-07-25T12:43:08","date_gmt":"2016-07-25T15:43:08","guid":{"rendered":"http:\/\/catolicanet.net\/wp-cnet\/2016\/07\/25\/colegio-de-consultores-da-diocese-de-imperatriz-elege-administrador-diocesano\/"},"modified":"2017-05-26T15:27:49","modified_gmt":"2017-05-26T18:27:49","slug":"colegio-de-consultores-da-diocese-de-imperatriz-elege-administrador-diocesano","status":"publish","type":"post","link":"https:\/\/catolicanet.net\/wp-cnet\/colegio-de-consultores-da-diocese-de-imperatriz-elege-administrador-diocesano\/","title":{"rendered":"Col\u00e9gio de Consultores da diocese de Imperatriz elege administrador diocesano"},"content":{"rendered":"<p style=\"text-align: justify;\"><img decoding=\"async\" src=\"http:\/\/www.catolicanet.com.br\/images\/stories\/padres\/pe.francisco.jpg\" border=\"0\" align=\"left\" \/>Diocese est\u00e1 vacante desde a nomea\u00e7\u00e3o de dom Gilberto Pastana como bispo coadjutor de Crato<\/p>\n<p>O Col\u00e9gio de Consultores da diocese de Imperatriz (MA) escolheu o administrador diocesano, na \u00faltima ter\u00e7a-feira, 19. Ap\u00f3s a nomea\u00e7\u00e3o de dom Gilberto Pastana de Oliveira como bispo coadjutor de Crato (CE), o grupo elegeu padre Francisco Lima Soares para desempenhar a fun\u00e7\u00e3o at\u00e9 a designa\u00e7\u00e3o de um novo bispo.<\/p>\n<p>Padre Francisco nasceu em Araguatins (TO). Foi ordenado presb\u00edtero em Imperatriz (MA), em 15 de julho de 1990. Em 26 anos de presbiterado, desenvolveu v\u00e1rias atividades em diversas pastorais e movimentos da diocese e no regional Nordeste 5 da Confer\u00eancia Nacional dos Bispos do Brasil (CNBB). Atuou como p\u00e1roco; vig\u00e1rio paroquial da par\u00f3quia Menino Jesus de Praga; diretor da TV Anaj\u00e1s, afiliada da Rede Vida em Imperatriz; promotor vocacional da diocese; assessor diocesano da Pastoral da Juventude; vice-presidente da Comiss\u00e3o Regional do Clero e presidente da Associa\u00e7\u00e3o dos Presb\u00edteros do Maranh\u00e3o.<\/p>\n<p style=\"text-align: justify;\">\u00a0<\/p>\n<p style=\"text-align: justify;\">Fonte: CNBB<\/p>\n","protected":false},"excerpt":{"rendered":"<p>Diocese est\u00e1 vacante desde a nomea\u00e7\u00e3o de dom Gilberto Pastana como bispo coadjutor de Crato O Col\u00e9gio de Consultores da diocese de Imperatriz (MA) escolheu o administrador diocesano, na \u00faltima ter\u00e7a-feira, 19. Ap\u00f3s a nomea\u00e7\u00e3o de dom Gilberto Pastana de Oliveira como bispo coadjutor de Crato (CE), o grupo elegeu padre Francisco Lima Soares para [&hellip;]<\/p>\n","protected":false},"author":1,"featured_media":16489,"comment_status":"open","ping_status":"open","sticky":false,"template":"","format":"standard","meta":{"footnotes":""},"categories":[7],"tags":[],"class_list":["post-16490","post","type-post","status-publish","format-standard","has-post-thumbnail","hentry","category-cnbb"],"_links":{"self":[{"href":"https:\/\/catolicanet.net\/wp-cnet\/wp-json\/wp\/v2\/posts\/16490","targetHints":{"allow":["GET"]}}],"collection":[{"href":"https:\/\/catolicanet.net\/wp-cnet\/wp-json\/wp\/v2\/posts"}],"about":[{"href":"https:\/\/catolicanet.net\/wp-cnet\/wp-json\/wp\/v2\/types\/post"}],"author":[{"embeddable":true,"href":"https:\/\/catolicanet.net\/wp-cnet\/wp-json\/wp\/v2\/users\/1"}],"replies":[{"embeddable":true,"href":"https:\/\/catolicanet.net\/wp-cnet\/wp-json\/wp\/v2\/comments?post=16490"}],"version-history":[{"count":1,"href":"https:\/\/catolicanet.net\/wp-cnet\/wp-json\/wp\/v2\/posts\/16490\/revisions"}],"predecessor-version":[{"id":23543,"href":"https:\/\/catolicanet.net\/wp-cnet\/wp-json\/wp\/v2\/posts\/16490\/revisions\/23543"}],"wp:featuredmedia":[{"embeddable":true,"href":"https:\/\/catolicanet.net\/wp-cnet\/wp-json\/wp\/v2\/media\/16489"}],"wp:attachment":[{"href":"https:\/\/catolicanet.net\/wp-cnet\/wp-json\/wp\/v2\/media?parent=16490"}],"wp:term":[{"taxonomy":"category","embeddable":true,"href":"https:\/\/catolicanet.net\/wp-cnet\/wp-json\/wp\/v2\/categories?post=16490"},{"taxonomy":"post_tag","embeddable":true,"href":"https:\/\/catolicanet.net\/wp-cnet\/wp-json\/wp\/v2\/tags?post=16490"}],"curies":[{"name":"wp","href":"https:\/\/api.w.org\/{rel}","templated":true}]}}