{"id":16465,"date":"2016-07-22T13:17:04","date_gmt":"2016-07-22T16:17:04","guid":{"rendered":"http:\/\/catolicanet.net\/wp-cnet\/2016\/07\/22\/governo-venezuelano-e-oposicao-aceitam-mediacao-do-vaticano\/"},"modified":"2017-06-02T10:56:55","modified_gmt":"2017-06-02T13:56:55","slug":"governo-venezuelano-e-oposicao-aceitam-mediacao-do-vaticano","status":"publish","type":"post","link":"https:\/\/catolicanet.net\/wp-cnet\/governo-venezuelano-e-oposicao-aceitam-mediacao-do-vaticano\/","title":{"rendered":"Governo venezuelano e oposi\u00e7\u00e3o aceitam media\u00e7\u00e3o do Vaticano"},"content":{"rendered":"<p style=\"text-align: justify;\"><img decoding=\"async\" src=\"http:\/\/www.catolicanet.com.br\/images\/stories\/noticias\/epa2150655_articolo.jpg\" border=\"0\" align=\"left\" \/>A possibilidade de di\u00e1logo na Venezuela ganhou corpo esta quinta-feira (21\/07), depois que o governo de Nicol\u00e1s Maduro e a oposi\u00e7\u00e3o aceitaram que um representante da Santa S\u00e9 participe do processo que busca ajudar e resolver a grave crise pela qual atravessa a na\u00e7\u00e3o sul-americana.<\/p>\n<p>O gesto pode marcar uma reviravolta na situa\u00e7\u00e3o pol\u00edtica no pa\u00eds, visto que o governo venezuelano mostrava-se reticente e fechado \u00e0 qualquer media\u00e7\u00e3o para solucionar a crise.<\/p>\n<p>O Secret\u00e1rio-Geral da Uni\u00e3o das Na\u00e7\u00f5es Sul-Americanas (Unasul), Ernesto Samper, divulgou a informa\u00e7\u00e3o, acompanhado dos mediadores &#8211; o ex-Primeiro-Ministro espanhol Jos\u00e9 Luis Rodr\u00edguez Zapatero, o ex-Presidente do Panam\u00e1 Martin Torrijos e do dominicano Leonel Dominicana Fernandez &#8211; depois de um longo encontro com o governante venezuelano..<\/p>\n<p>O ex-Presidente da Col\u00f4mbia disse textualmente na sa\u00edda do Pal\u00e1cio Presidencial venezuelano: &#8220;N\u00f3s constatamos a aceita\u00e7\u00e3o das partes para que nesta miss\u00e3o exista o acompanhamento do Vaticano\u201d.<\/p>\n<p>Ernesto Samper agradeceu a todos, em particular Nicol\u00e1s Maduro, que confirmou, segundo as palavras do pol\u00edtico colombiano, a sua disponibilidade ao di\u00e1logo com a oposi\u00e7\u00e3o para encontrar uma solu\u00e7\u00e3o mediada \u00e0 crise do pa\u00eds.<\/p>\n<p>At\u00e9 o momento n\u00e3o houve nenhuma declara\u00e7\u00e3o oficial da Santa S\u00e9 sobre a media\u00e7\u00e3o.<\/p>\n<p style=\"text-align: justify;\">\u00a0<\/p>\n<p style=\"text-align: justify;\">Fonte: R\u00e1dio Vaticano<\/p>\n","protected":false},"excerpt":{"rendered":"<p>A possibilidade de di\u00e1logo na Venezuela ganhou corpo esta quinta-feira (21\/07), depois que o governo de Nicol\u00e1s Maduro e a oposi\u00e7\u00e3o aceitaram que um representante da Santa S\u00e9 participe do processo que busca ajudar e resolver a grave crise pela qual atravessa a na\u00e7\u00e3o sul-americana. O gesto pode marcar uma reviravolta na situa\u00e7\u00e3o pol\u00edtica no [&hellip;]<\/p>\n","protected":false},"author":1,"featured_media":16464,"comment_status":"open","ping_status":"open","sticky":false,"template":"","format":"standard","meta":{"footnotes":""},"categories":[3],"tags":[],"class_list":["post-16465","post","type-post","status-publish","format-standard","has-post-thumbnail","hentry","category-vaticano"],"_links":{"self":[{"href":"https:\/\/catolicanet.net\/wp-cnet\/wp-json\/wp\/v2\/posts\/16465","targetHints":{"allow":["GET"]}}],"collection":[{"href":"https:\/\/catolicanet.net\/wp-cnet\/wp-json\/wp\/v2\/posts"}],"about":[{"href":"https:\/\/catolicanet.net\/wp-cnet\/wp-json\/wp\/v2\/types\/post"}],"author":[{"embeddable":true,"href":"https:\/\/catolicanet.net\/wp-cnet\/wp-json\/wp\/v2\/users\/1"}],"replies":[{"embeddable":true,"href":"https:\/\/catolicanet.net\/wp-cnet\/wp-json\/wp\/v2\/comments?post=16465"}],"version-history":[{"count":1,"href":"https:\/\/catolicanet.net\/wp-cnet\/wp-json\/wp\/v2\/posts\/16465\/revisions"}],"predecessor-version":[{"id":28014,"href":"https:\/\/catolicanet.net\/wp-cnet\/wp-json\/wp\/v2\/posts\/16465\/revisions\/28014"}],"wp:featuredmedia":[{"embeddable":true,"href":"https:\/\/catolicanet.net\/wp-cnet\/wp-json\/wp\/v2\/media\/16464"}],"wp:attachment":[{"href":"https:\/\/catolicanet.net\/wp-cnet\/wp-json\/wp\/v2\/media?parent=16465"}],"wp:term":[{"taxonomy":"category","embeddable":true,"href":"https:\/\/catolicanet.net\/wp-cnet\/wp-json\/wp\/v2\/categories?post=16465"},{"taxonomy":"post_tag","embeddable":true,"href":"https:\/\/catolicanet.net\/wp-cnet\/wp-json\/wp\/v2\/tags?post=16465"}],"curies":[{"name":"wp","href":"https:\/\/api.w.org\/{rel}","templated":true}]}}