{"id":16453,"date":"2016-07-22T12:31:34","date_gmt":"2016-07-22T15:31:34","guid":{"rendered":"http:\/\/catolicanet.net\/wp-cnet\/2016\/07\/22\/forum-estadual-discute-pastoral-da-educacao-no-rio-grande-do-sul\/"},"modified":"2017-05-26T15:29:15","modified_gmt":"2017-05-26T18:29:15","slug":"forum-estadual-discute-pastoral-da-educacao-no-rio-grande-do-sul","status":"publish","type":"post","link":"https:\/\/catolicanet.net\/wp-cnet\/forum-estadual-discute-pastoral-da-educacao-no-rio-grande-do-sul\/","title":{"rendered":"F\u00f3rum Estadual discute Pastoral da Educa\u00e7\u00e3o no Rio Grande do Sul"},"content":{"rendered":"<p style=\"text-align: justify;\"><img decoding=\"async\" src=\"http:\/\/www.catolicanet.com.br\/images\/stories\/noticias\/forum_educacao-1.jpg\" border=\"0\" align=\"left\" \/>Cerca de 180 professores das redes p\u00fablica e privada participaram do evento<\/p>\n<p>Professores das redes p\u00fablica e privada de educa\u00e7\u00e3o do Rio Grande do Sul participaram do 1\u00ba F\u00f3rum Estadual de Educa\u00e7\u00e3o, ocorrido no dia 18 de julho, na Pontif\u00edcia Universidade Cat\u00f3lica (PUC-RS), em Porto Alegre. <\/p>\n<p>O evento, que reuniu cerca de 180 pessoas, representantes das 14 dioceses ga\u00fachas, foi iniciativa da Comiss\u00e3o Regional da Pastoral da Educa\u00e7\u00e3o, que teve como objetivo fortalecer o ensino religioso e dinamizar\u00a0 a identidade e a miss\u00e3o da escola cat\u00f3lica em cada uma das dioceses que comp\u00f5em o regional Sul 3 da Confer\u00eancia Nacional dos Bispos do Brasil (CNBB).<\/p>\n<p>\u201cAs dioceses est\u00e3o aqui para organizarmos e relan\u00e7armos a Pastoral da Educa\u00e7\u00e3o no Rio Grande do Sul. O objetivo \u00e9 trabalhar a humaniza\u00e7\u00e3o da escola, buscar um humanismo integral e solid\u00e1rio como fala a tradi\u00e7\u00e3o crist\u00e3. Para isso, propomos que cada diocese organize, por meio de seus professores, n\u00facleos da Pastoral da Educa\u00e7\u00e3o para refletir, dialogar e, especialmente, escutar os professores\u201d, salientou o bispo auxiliar da arquidiocese de Porto Alegre e referencial para a Comiss\u00e3o de Educa\u00e7\u00e3o e Cultura do regional Sul 3, dom Leomar Brustolin. <\/p>\n<p>O F\u00f3rum contou com as assessorias de Maur\u00edcio Perondi e M\u00e1rcio Amaral, do Observat\u00f3rio Juventudes da PUCRS, que debateram o tema \u201cOs jovens pedem passagem\u201d. Dom Leomar Brustolin refletiu sobre a \u201cEduca\u00e7\u00e3o Crist\u00e3: um projeto de humaniza\u00e7\u00e3o\u201d. J\u00e1 o bispo de Rio Grande, dom Ricardo Hoepers, fez uma exposi\u00e7\u00e3o sobre a \u201cPastoral da Educa\u00e7\u00e3o a partir do Documento Estudos da CNBB 110 \u2013 Pastoral da Educa\u00e7\u00e3o: Estudos para Diretrizes Nacionais\u201d.\u00a0 Na ocasi\u00e3o, as dioceses de Erexim e Caxias do Sul apresentaram cases sobre a Pastoral da Educa\u00e7\u00e3o. <\/p>\n<p>No final do evento, dom Leomar exp\u00f4s a proposta da Pastoral em \u00e2mbito estadual e salientou a import\u00e2ncia das a\u00e7\u00f5es nas dioceses, munic\u00edpios e par\u00f3quias. De acordo com o bispo, os desafios s\u00e3o grandes, mas h\u00e1 muita esperan\u00e7a. \u201cA esperan\u00e7a se consolida na medida em que tantos professores vindos de diversos pontos do Estado estiveram aqui neste dia\u201d, concluiu.<br \/>Com informa\u00e7\u00f5es e foto do regional Sul 3<\/p>\n<p style=\"text-align: justify;\">\u00a0<\/p>\n<p style=\"text-align: justify;\">Fonte: CNBB<\/p>\n","protected":false},"excerpt":{"rendered":"<p>Cerca de 180 professores das redes p\u00fablica e privada participaram do evento Professores das redes p\u00fablica e privada de educa\u00e7\u00e3o do Rio Grande do Sul participaram do 1\u00ba F\u00f3rum Estadual de Educa\u00e7\u00e3o, ocorrido no dia 18 de julho, na Pontif\u00edcia Universidade Cat\u00f3lica (PUC-RS), em Porto Alegre. O evento, que reuniu cerca de 180 pessoas, representantes [&hellip;]<\/p>\n","protected":false},"author":1,"featured_media":16452,"comment_status":"open","ping_status":"open","sticky":false,"template":"","format":"standard","meta":{"footnotes":""},"categories":[7],"tags":[],"class_list":["post-16453","post","type-post","status-publish","format-standard","has-post-thumbnail","hentry","category-cnbb"],"_links":{"self":[{"href":"https:\/\/catolicanet.net\/wp-cnet\/wp-json\/wp\/v2\/posts\/16453","targetHints":{"allow":["GET"]}}],"collection":[{"href":"https:\/\/catolicanet.net\/wp-cnet\/wp-json\/wp\/v2\/posts"}],"about":[{"href":"https:\/\/catolicanet.net\/wp-cnet\/wp-json\/wp\/v2\/types\/post"}],"author":[{"embeddable":true,"href":"https:\/\/catolicanet.net\/wp-cnet\/wp-json\/wp\/v2\/users\/1"}],"replies":[{"embeddable":true,"href":"https:\/\/catolicanet.net\/wp-cnet\/wp-json\/wp\/v2\/comments?post=16453"}],"version-history":[{"count":1,"href":"https:\/\/catolicanet.net\/wp-cnet\/wp-json\/wp\/v2\/posts\/16453\/revisions"}],"predecessor-version":[{"id":23546,"href":"https:\/\/catolicanet.net\/wp-cnet\/wp-json\/wp\/v2\/posts\/16453\/revisions\/23546"}],"wp:featuredmedia":[{"embeddable":true,"href":"https:\/\/catolicanet.net\/wp-cnet\/wp-json\/wp\/v2\/media\/16452"}],"wp:attachment":[{"href":"https:\/\/catolicanet.net\/wp-cnet\/wp-json\/wp\/v2\/media?parent=16453"}],"wp:term":[{"taxonomy":"category","embeddable":true,"href":"https:\/\/catolicanet.net\/wp-cnet\/wp-json\/wp\/v2\/categories?post=16453"},{"taxonomy":"post_tag","embeddable":true,"href":"https:\/\/catolicanet.net\/wp-cnet\/wp-json\/wp\/v2\/tags?post=16453"}],"curies":[{"name":"wp","href":"https:\/\/api.w.org\/{rel}","templated":true}]}}