{"id":16436,"date":"2016-07-21T14:18:46","date_gmt":"2016-07-21T17:18:46","guid":{"rendered":"http:\/\/catolicanet.net\/wp-cnet\/2016\/07\/21\/madeira-irmas-hospitaleiras-inauguraram-residencia-autonoma-de-saude-mental\/"},"modified":"2017-05-31T09:59:22","modified_gmt":"2017-05-31T12:59:22","slug":"madeira-irmas-hospitaleiras-inauguraram-residencia-autonoma-de-saude-mental","status":"publish","type":"post","link":"https:\/\/catolicanet.net\/wp-cnet\/madeira-irmas-hospitaleiras-inauguraram-residencia-autonoma-de-saude-mental\/","title":{"rendered":"Madeira: Irm\u00e3s Hospitaleiras inauguraram Resid\u00eancia Aut\u00f3noma de Sa\u00fade Mental"},"content":{"rendered":"<p style=\"text-align: justify;\"><img decoding=\"async\" src=\"http:\/\/www.catolicanet.com.br\/images\/stories\/noticias\/dsc_1687.jpg\" border=\"0\" align=\"left\" \/>O Instituto das Irm\u00e3s Hospitaleiras do Sagrado Cora\u00e7\u00e3o de Jesus (IHSCJ), inaugurou esta quarta-feira a Resid\u00eancia Aut\u00f3noma de Sa\u00fade Mental \u2013 Quinta Maria Mendes, uma unidade de reabilita\u00e7\u00e3o psicossocial que \u201caposta nas potencialidades e capacidades\u201d dos utentes.<\/p>\n<p>Num comunicado enviado hoje \u00e0 Ag\u00eancia ECCLESIA, o IHSCJ informa que o novo equipamento se destina a pessoas com \u201creduzido grau de incapacidade psicossocial\u201d por doen\u00e7a mental grave, clinicamente estabilizadas, \u201csem suporte familiar ou social adequado\u201d.<\/p>\n<p>Com lota\u00e7\u00e3o de sete camas, esta Unidade de Reabilita\u00e7\u00e3o Psicossocial est\u00e1 inserida no \u201cparadigma da reabilita\u00e7\u00e3o psiqui\u00e1trica\u201d, que aposta nas potencialidades e capacidades dos utentes.<\/p>\n<p>Neste contexto, sendo um espa\u00e7o de \u201creintegra\u00e7\u00e3o social e promo\u00e7\u00e3o da independ\u00eancia\u201d dos utentes a Resid\u00eancia Aut\u00f3noma de Sa\u00fade Mental \u2013 Quinta Maria Mendes vai \u201cmanter e potenciar compet\u00eancias\u201d ao n\u00edvel das atividades de vida di\u00e1rias.<\/p>\n<p>A equipa t\u00e9cnica nuclear de apoio \u00e9 constitu\u00edda por psiquiatra, enfermeiro, assistente social, psic\u00f3logo e auxiliar.<\/p>\n<p>A nova unidade pertence \u00e0 Casa de Sa\u00fade C\u00e2mara Pestana que det\u00e9m duas resid\u00eancias aut\u00f3nomas, na Regi\u00e3o Aut\u00f3noma da Madeira, e localiza-se na freguesia de S\u00e3o Gon\u00e7alo, no Funchal.<\/p>\n<p>A cerim\u00f3nia de inaugura\u00e7\u00e3o contou com a presen\u00e7a do presidente do Governo Regional da Madeira, Miguel Albuquerque; do presidente da C\u00e2mara Municipal do Funchal, Paulo Caf\u00f4fo; do secret\u00e1rio Regional da Sa\u00fade, Jo\u00e3o Faria Nunes; da secret\u00e1ria Regional da Inclus\u00e3o e Assuntos Sociais, Rubina Leal; e da superiora provincial da Congrega\u00e7\u00e3o das Irm\u00e3s Hospitaleiras do Sagrado Cora\u00e7\u00e3o de Jesus, irm\u00e3 Sameiro Martins.<\/p>\n<p style=\"text-align: justify;\">Fonte:\u00a0 Ag\u00eancia Ecclesia<\/p>\n","protected":false},"excerpt":{"rendered":"<p>O Instituto das Irm\u00e3s Hospitaleiras do Sagrado Cora\u00e7\u00e3o de Jesus (IHSCJ), inaugurou esta quarta-feira a Resid\u00eancia Aut\u00f3noma de Sa\u00fade Mental \u2013 Quinta Maria Mendes, uma unidade de reabilita\u00e7\u00e3o psicossocial que \u201caposta nas potencialidades e capacidades\u201d dos utentes. Num comunicado enviado hoje \u00e0 Ag\u00eancia ECCLESIA, o IHSCJ informa que o novo equipamento se destina a pessoas [&hellip;]<\/p>\n","protected":false},"author":1,"featured_media":16435,"comment_status":"open","ping_status":"open","sticky":false,"template":"","format":"standard","meta":{"footnotes":""},"categories":[4],"tags":[],"class_list":["post-16436","post","type-post","status-publish","format-standard","has-post-thumbnail","hentry","category-cotidiano"],"_links":{"self":[{"href":"https:\/\/catolicanet.net\/wp-cnet\/wp-json\/wp\/v2\/posts\/16436","targetHints":{"allow":["GET"]}}],"collection":[{"href":"https:\/\/catolicanet.net\/wp-cnet\/wp-json\/wp\/v2\/posts"}],"about":[{"href":"https:\/\/catolicanet.net\/wp-cnet\/wp-json\/wp\/v2\/types\/post"}],"author":[{"embeddable":true,"href":"https:\/\/catolicanet.net\/wp-cnet\/wp-json\/wp\/v2\/users\/1"}],"replies":[{"embeddable":true,"href":"https:\/\/catolicanet.net\/wp-cnet\/wp-json\/wp\/v2\/comments?post=16436"}],"version-history":[{"count":1,"href":"https:\/\/catolicanet.net\/wp-cnet\/wp-json\/wp\/v2\/posts\/16436\/revisions"}],"predecessor-version":[{"id":25544,"href":"https:\/\/catolicanet.net\/wp-cnet\/wp-json\/wp\/v2\/posts\/16436\/revisions\/25544"}],"wp:featuredmedia":[{"embeddable":true,"href":"https:\/\/catolicanet.net\/wp-cnet\/wp-json\/wp\/v2\/media\/16435"}],"wp:attachment":[{"href":"https:\/\/catolicanet.net\/wp-cnet\/wp-json\/wp\/v2\/media?parent=16436"}],"wp:term":[{"taxonomy":"category","embeddable":true,"href":"https:\/\/catolicanet.net\/wp-cnet\/wp-json\/wp\/v2\/categories?post=16436"},{"taxonomy":"post_tag","embeddable":true,"href":"https:\/\/catolicanet.net\/wp-cnet\/wp-json\/wp\/v2\/tags?post=16436"}],"curies":[{"name":"wp","href":"https:\/\/api.w.org\/{rel}","templated":true}]}}