{"id":16416,"date":"2016-07-21T13:18:36","date_gmt":"2016-07-21T16:18:36","guid":{"rendered":"http:\/\/catolicanet.net\/wp-cnet\/2016\/07\/21\/mais-de-40-mil-os-jovens-estadunidenses-na-jmj-de-cracovia\/"},"modified":"2017-06-02T11:12:28","modified_gmt":"2017-06-02T14:12:28","slug":"mais-de-40-mil-os-jovens-estadunidenses-na-jmj-de-cracovia","status":"publish","type":"post","link":"https:\/\/catolicanet.net\/wp-cnet\/mais-de-40-mil-os-jovens-estadunidenses-na-jmj-de-cracovia\/","title":{"rendered":"Mais de 40 mil os jovens estadunidenses na JMJ de Crac\u00f3via"},"content":{"rendered":"<p style=\"text-align: justify;\"><img decoding=\"async\" src=\"http:\/\/www.catolicanet.com.br\/images\/stories\/noticias\/rv17500_articolo.jpg\" border=\"0\" align=\"left\" \/>S\u00e3o mais de 40 mil os jovens dos Estados Unidos inscritos na JMJ de Crac\u00f3via. Um recorde que perde somente para JMJ de Denver (EUA), em 1993, e de Toronto (Canad\u00e1), em 2002.<\/p>\n<p>Grande tamb\u00e9m o n\u00famero de bispos que os acompanhar\u00e3o: 85 dos quais 13 foram escolhidos como catequistas. Dentre eles est\u00e3o Presidente da Confer\u00eancia Episcopal dos Estados Unidos (Usccb), Dom Joseph Kurtz, os cardeais Timothy Dolan de Nova Iorque e Sean O\u2019Malley de Boston; os arcebispos Thomas Wenski de Miami; Charles Chaput da Filad\u00e9lfia e Blase Cupich de Chicago.<\/p>\n<p>Conte\u00fados<\/p>\n<p>O Secretariado para Leigos, Matrim\u00f4nio e Fam\u00edlia da Usccb preparou v\u00e1rios materiais informativos e subs\u00eddios na plataforma digital para envolver tamb\u00e9m os jovens que n\u00e3o poder\u00e3o ir \u00e0\u00a0 Pol\u00f4nia. Os jovens ter\u00e3o \u00e0 disposi\u00e7\u00e3o o aplicativo especial Pilgrimage realizado em colabora\u00e7\u00e3o com a Sociedade B\u00edblica Estadunidense que pode ser baixado nos dispositivos Android e Apple a fim de ter acesso aos v\u00e1rios conte\u00fados que ir\u00e3o ajud\u00e1-los\u00a0 a entender o significado de sua peregrina\u00e7\u00e3o e colocar em a\u00e7\u00e3o as obras de miseric\u00f3rdia solicitadas pelo Papa Francisco, neste Ano Jubilar. Os conte\u00fados incluem um v\u00eddeo com um panorama de eventos da JMJ, leituras e ora\u00e7\u00f5es. <\/p>\n<p>Outros\u00a0 materiais como entrevistas com bispos, calend\u00e1rio dos eventos, v\u00eddeos exclusivos e blog est\u00e3o dispon\u00edveis no site www.wyd2016.us, e atualiza\u00e7\u00f5es ser\u00e3o postadas no Facebook da Usccb e em seu twitter com a hashtag #WYDUSA.<\/p>\n<p>Peregrinos<\/p>\n<p>\u201cQueremos que o mundo saiba que ningu\u00e9m est\u00e1 exclu\u00eddo desta peregrina\u00e7\u00e3o. Todos s\u00e3o chamados a ser peregrinos, mesmo que n\u00e3o tenham os meios para ir \u00e0 Pol\u00f4nia\u201d, explica o coordenador da delega\u00e7\u00e3o estadunidense, Dom Franck Caggiano, Bispo de Bridgeport. \u201cNeste ver\u00e3o queremos que todo jovem saiba que pode participar desta viagem, fisicamente a Crac\u00f3via ou espiritualmente em casa\u201d, acrescentou.<\/p>\n<p>Ser\u00e3o dois os eventos centrais dedicados aos jovens peregrinos estadunidenses na arena Tauron de Crac\u00f3via: Um encontro nacional de ora\u00e7\u00e3o marcado \u00e0s 17h de 27 de julho e a missa para eles celebrada na manh\u00e3 do dia 30. Na mesma arena, no Centro da Miseric\u00f3rdia, os peregrinos de l\u00edngua inglesa poder\u00e3o participar das atividades organizadas pelos Cavaleiros de Colombo. V\u00e1rias dioceses e arquidioceses dos Estados Unidos realizam iniciativas paralelas em concomit\u00e2ncia com a JMJ de Crac\u00f3via. Confira a lista de eventos.<\/p>\n<p style=\"text-align: justify;\">\u00a0<\/p>\n<p style=\"text-align: justify;\">Fonte: R\u00e1dio Vaticano<\/p>\n","protected":false},"excerpt":{"rendered":"<p>S\u00e3o mais de 40 mil os jovens dos Estados Unidos inscritos na JMJ de Crac\u00f3via. Um recorde que perde somente para JMJ de Denver (EUA), em 1993, e de Toronto (Canad\u00e1), em 2002. Grande tamb\u00e9m o n\u00famero de bispos que os acompanhar\u00e3o: 85 dos quais 13 foram escolhidos como catequistas. Dentre eles est\u00e3o Presidente da [&hellip;]<\/p>\n","protected":false},"author":1,"featured_media":16415,"comment_status":"open","ping_status":"open","sticky":false,"template":"","format":"standard","meta":{"footnotes":""},"categories":[3],"tags":[],"class_list":["post-16416","post","type-post","status-publish","format-standard","has-post-thumbnail","hentry","category-vaticano"],"_links":{"self":[{"href":"https:\/\/catolicanet.net\/wp-cnet\/wp-json\/wp\/v2\/posts\/16416","targetHints":{"allow":["GET"]}}],"collection":[{"href":"https:\/\/catolicanet.net\/wp-cnet\/wp-json\/wp\/v2\/posts"}],"about":[{"href":"https:\/\/catolicanet.net\/wp-cnet\/wp-json\/wp\/v2\/types\/post"}],"author":[{"embeddable":true,"href":"https:\/\/catolicanet.net\/wp-cnet\/wp-json\/wp\/v2\/users\/1"}],"replies":[{"embeddable":true,"href":"https:\/\/catolicanet.net\/wp-cnet\/wp-json\/wp\/v2\/comments?post=16416"}],"version-history":[{"count":1,"href":"https:\/\/catolicanet.net\/wp-cnet\/wp-json\/wp\/v2\/posts\/16416\/revisions"}],"predecessor-version":[{"id":28114,"href":"https:\/\/catolicanet.net\/wp-cnet\/wp-json\/wp\/v2\/posts\/16416\/revisions\/28114"}],"wp:featuredmedia":[{"embeddable":true,"href":"https:\/\/catolicanet.net\/wp-cnet\/wp-json\/wp\/v2\/media\/16415"}],"wp:attachment":[{"href":"https:\/\/catolicanet.net\/wp-cnet\/wp-json\/wp\/v2\/media?parent=16416"}],"wp:term":[{"taxonomy":"category","embeddable":true,"href":"https:\/\/catolicanet.net\/wp-cnet\/wp-json\/wp\/v2\/categories?post=16416"},{"taxonomy":"post_tag","embeddable":true,"href":"https:\/\/catolicanet.net\/wp-cnet\/wp-json\/wp\/v2\/tags?post=16416"}],"curies":[{"name":"wp","href":"https:\/\/api.w.org\/{rel}","templated":true}]}}