{"id":16410,"date":"2016-07-21T12:34:58","date_gmt":"2016-07-21T15:34:58","guid":{"rendered":"http:\/\/catolicanet.net\/wp-cnet\/2016\/07\/21\/santa-se-pede-acao-da-onu-contra-crimes-de-guerra\/"},"modified":"2017-06-02T14:05:08","modified_gmt":"2017-06-02T17:05:08","slug":"santa-se-pede-acao-da-onu-contra-crimes-de-guerra","status":"publish","type":"post","link":"https:\/\/catolicanet.net\/wp-cnet\/santa-se-pede-acao-da-onu-contra-crimes-de-guerra\/","title":{"rendered":"Santa S\u00e9 pede a\u00e7\u00e3o da ONU contra crimes de guerra"},"content":{"rendered":"<p style=\"text-align: justify;\"><img decoding=\"async\" src=\"http:\/\/www.catolicanet.com.br\/images\/stories\/noticias\/afp5541388_articolo.jpg\" border=\"0\" align=\"left\" \/>O Observador Permanente da Santa S\u00e9 nas Na\u00e7\u00f5es Unidas, Arcebispo Bernardito Auza, fez um pronunciamento esta ter\u00e7a-feira (19\/07) no Debate Aberto sobre a reforma do Conselho de Seguran\u00e7a das Na\u00e7\u00f5es Unidas.<\/p>\n<p>A Santa S\u00e9 pediu aos membros do Conselho de Seguran\u00e7a da ONU que nunca votem contra &#8220;uma projeto de resolu\u00e7\u00e3o cr\u00edvel&#8221; em casos evidentes de \u201cgenoc\u00eddio, crimes contra a humanidade e crimes de guerra.\u201d<\/p>\n<p>O Arcebispo Auza declarou: &#8220;A este respeito, a minha delega\u00e7\u00e3o considera que, em situa\u00e7\u00f5es em que crimes de genoc\u00eddio, atrocidades e crimes de guerra s\u00e3o evidentes, a a\u00e7\u00e3o da comunidade internacional n\u00e3o deve ser interpretada como uma imposi\u00e7\u00e3o injustificada ou uma limita\u00e7\u00e3o da soberania dos Estados-Membros, desde que respeite os meios jur\u00eddicos estabelecidos na Carta das Na\u00e7\u00f5es Unidas e em outros \u00f3rg\u00e3os jur\u00eddicos internacionais.\u201d<\/p>\n<p>Efici\u00eancia<\/p>\n<p>O Representante da Santa S\u00e9 recorda que a reforma do Conselho requer prud\u00eancia e sabedoria por parte de todos. O Arcebispo tamb\u00e9m chamou a aten\u00e7\u00e3o para a import\u00e2ncia da reforma do Conselho de Seguran\u00e7a para que se torne mais transparente, eficiente e representativo e, assim, evitar as cr\u00edticas de ser um \u00f3rg\u00e3o para servir os seus pr\u00f3prios interesses.<\/p>\n<p>\u201cUm Conselho reformado precisa estar mais equipado do que nunca para nos proteger e tamb\u00e9m as futuras gera\u00e7\u00f5es dos horrores indescrit\u00edveis do genoc\u00eddio, das atrocidades em massa, dos crimes de guerra e de outras graves viola\u00e7\u00f5es dos direitos humanos fundamentais e da lei humanit\u00e1ria internacional\u201d, conclui o Representante da Santa S\u00e9.<\/p>\n<p style=\"text-align: justify;\">\u00a0<\/p>\n<p style=\"text-align: justify;\">Fonte: R\u00e1dio Vaticano<\/p>\n","protected":false},"excerpt":{"rendered":"<p>O Observador Permanente da Santa S\u00e9 nas Na\u00e7\u00f5es Unidas, Arcebispo Bernardito Auza, fez um pronunciamento esta ter\u00e7a-feira (19\/07) no Debate Aberto sobre a reforma do Conselho de Seguran\u00e7a das Na\u00e7\u00f5es Unidas. A Santa S\u00e9 pediu aos membros do Conselho de Seguran\u00e7a da ONU que nunca votem contra &#8220;uma projeto de resolu\u00e7\u00e3o cr\u00edvel&#8221; em casos evidentes [&hellip;]<\/p>\n","protected":false},"author":1,"featured_media":16409,"comment_status":"open","ping_status":"open","sticky":false,"template":"","format":"standard","meta":{"footnotes":""},"categories":[3],"tags":[],"class_list":["post-16410","post","type-post","status-publish","format-standard","has-post-thumbnail","hentry","category-vaticano"],"_links":{"self":[{"href":"https:\/\/catolicanet.net\/wp-cnet\/wp-json\/wp\/v2\/posts\/16410","targetHints":{"allow":["GET"]}}],"collection":[{"href":"https:\/\/catolicanet.net\/wp-cnet\/wp-json\/wp\/v2\/posts"}],"about":[{"href":"https:\/\/catolicanet.net\/wp-cnet\/wp-json\/wp\/v2\/types\/post"}],"author":[{"embeddable":true,"href":"https:\/\/catolicanet.net\/wp-cnet\/wp-json\/wp\/v2\/users\/1"}],"replies":[{"embeddable":true,"href":"https:\/\/catolicanet.net\/wp-cnet\/wp-json\/wp\/v2\/comments?post=16410"}],"version-history":[{"count":1,"href":"https:\/\/catolicanet.net\/wp-cnet\/wp-json\/wp\/v2\/posts\/16410\/revisions"}],"predecessor-version":[{"id":28624,"href":"https:\/\/catolicanet.net\/wp-cnet\/wp-json\/wp\/v2\/posts\/16410\/revisions\/28624"}],"wp:featuredmedia":[{"embeddable":true,"href":"https:\/\/catolicanet.net\/wp-cnet\/wp-json\/wp\/v2\/media\/16409"}],"wp:attachment":[{"href":"https:\/\/catolicanet.net\/wp-cnet\/wp-json\/wp\/v2\/media?parent=16410"}],"wp:term":[{"taxonomy":"category","embeddable":true,"href":"https:\/\/catolicanet.net\/wp-cnet\/wp-json\/wp\/v2\/categories?post=16410"},{"taxonomy":"post_tag","embeddable":true,"href":"https:\/\/catolicanet.net\/wp-cnet\/wp-json\/wp\/v2\/tags?post=16410"}],"curies":[{"name":"wp","href":"https:\/\/api.w.org\/{rel}","templated":true}]}}