{"id":16406,"date":"2016-07-21T12:23:58","date_gmt":"2016-07-21T15:23:58","guid":{"rendered":"http:\/\/catolicanet.net\/wp-cnet\/2016\/07\/21\/cnbb-divulga-saudacao-a-dom-moacir-aparecido-de-freitas\/"},"modified":"2017-05-26T15:30:33","modified_gmt":"2017-05-26T18:30:33","slug":"cnbb-divulga-saudacao-a-dom-moacir-aparecido-de-freitas","status":"publish","type":"post","link":"https:\/\/catolicanet.net\/wp-cnet\/cnbb-divulga-saudacao-a-dom-moacir-aparecido-de-freitas\/","title":{"rendered":"CNBB divulga sauda\u00e7\u00e3o a dom Moacir Aparecido de Freitas"},"content":{"rendered":"<p style=\"text-align: justify;\"><img decoding=\"async\" src=\"http:\/\/www.catolicanet.com.br\/images\/stories\/geral\/00abn.jpg\" border=\"0\" align=\"left\" \/>A Confer\u00eancia Nacional dos Bispos do Brasil (CNBB) divulgou, nesta quarta-feira, 20, sauda\u00e7\u00e3o ao padre Moacir Aparecido de Freitas, nomeado bispo, pelo papa Francisco, da nova diocese de Votuporanga (SP). No texto, assinado pelo bispo auxiliar de Bras\u00edlia e secret\u00e1rio geral da CNBB, dom Leonardo Steiner, s\u00e3o expressados votos de acolhimento ao futuro bispo.<\/p>\n<p>Confira, abaixo, o texto na \u00edntegra:<\/p>\n<p>Sauda\u00e7\u00e3o ao Padre Moacir Aparecido de Freitas<\/p>\n<p>A Confer\u00eancia Nacional dos Bispos do Brasil \u2013 CNBB alegra-se com a not\u00edcia, publicada nesta quarta-feira 20 de julho, de que o Papa Francisco erigiu a nova Diocese de Votuporanga \u2013 SP, com territ\u00f3rio desmembrado das Dioceses de S\u00e3o Jos\u00e9 do Rio Preto e Jales \u2013 SP, e nomeou como primeiro Bispo o Revm\u00ba. Padre Moacir Aparecido de Freitas, atualmente P\u00e1roco da Par\u00f3quia Santa Tereza em Ibitinga, Diocese de S\u00e3o Carlos \u2013 SP.\u00a0 <\/p>\n<p>Padre Moacir nasceu em Ibir\u00e1 &#8211; SP, no dia 22 de agosto de 1962. Foi ordenado Padre em 11 de dezembro de 1987. Desde 2008 \u00e9 Diretor Espiritual no Semin\u00e1rio de Teologia \u201cCasa de Forma\u00e7\u00e3o S\u00e3o Carlos\u201d, em Campinas \u2013 SP. <\/p>\n<p>Acolhemos, com fraternal carinho, nosso futuro irm\u00e3o no episcopado como membro da CNBB, pedindo ao Senhor, por intercess\u00e3o da Virgem Maria, que aben\u00e7oe, com copiosos frutos, sua miss\u00e3o na nova Igreja Particular de Votuporanga.<\/p>\n<p>Com preces,<\/p>\n<p>Dom Leonardo Ulrich Steiner<\/p>\n<p>Bispo Auxiliar de Bras\u00edlia-DF<\/p>\n<p>Secret\u00e1rio-Geral da CNBB<\/p>\n<p style=\"text-align: justify;\">\u00a0<\/p>\n<p style=\"text-align: justify;\">Fonte: CNBB<\/p>\n","protected":false},"excerpt":{"rendered":"<p>A Confer\u00eancia Nacional dos Bispos do Brasil (CNBB) divulgou, nesta quarta-feira, 20, sauda\u00e7\u00e3o ao padre Moacir Aparecido de Freitas, nomeado bispo, pelo papa Francisco, da nova diocese de Votuporanga (SP). No texto, assinado pelo bispo auxiliar de Bras\u00edlia e secret\u00e1rio geral da CNBB, dom Leonardo Steiner, s\u00e3o expressados votos de acolhimento ao futuro bispo. Confira, [&hellip;]<\/p>\n","protected":false},"author":1,"featured_media":16229,"comment_status":"open","ping_status":"open","sticky":false,"template":"","format":"standard","meta":{"footnotes":""},"categories":[7],"tags":[],"class_list":["post-16406","post","type-post","status-publish","format-standard","has-post-thumbnail","hentry","category-cnbb"],"_links":{"self":[{"href":"https:\/\/catolicanet.net\/wp-cnet\/wp-json\/wp\/v2\/posts\/16406","targetHints":{"allow":["GET"]}}],"collection":[{"href":"https:\/\/catolicanet.net\/wp-cnet\/wp-json\/wp\/v2\/posts"}],"about":[{"href":"https:\/\/catolicanet.net\/wp-cnet\/wp-json\/wp\/v2\/types\/post"}],"author":[{"embeddable":true,"href":"https:\/\/catolicanet.net\/wp-cnet\/wp-json\/wp\/v2\/users\/1"}],"replies":[{"embeddable":true,"href":"https:\/\/catolicanet.net\/wp-cnet\/wp-json\/wp\/v2\/comments?post=16406"}],"version-history":[{"count":1,"href":"https:\/\/catolicanet.net\/wp-cnet\/wp-json\/wp\/v2\/posts\/16406\/revisions"}],"predecessor-version":[{"id":23550,"href":"https:\/\/catolicanet.net\/wp-cnet\/wp-json\/wp\/v2\/posts\/16406\/revisions\/23550"}],"wp:featuredmedia":[{"embeddable":true,"href":"https:\/\/catolicanet.net\/wp-cnet\/wp-json\/wp\/v2\/media\/16229"}],"wp:attachment":[{"href":"https:\/\/catolicanet.net\/wp-cnet\/wp-json\/wp\/v2\/media?parent=16406"}],"wp:term":[{"taxonomy":"category","embeddable":true,"href":"https:\/\/catolicanet.net\/wp-cnet\/wp-json\/wp\/v2\/categories?post=16406"},{"taxonomy":"post_tag","embeddable":true,"href":"https:\/\/catolicanet.net\/wp-cnet\/wp-json\/wp\/v2\/tags?post=16406"}],"curies":[{"name":"wp","href":"https:\/\/api.w.org\/{rel}","templated":true}]}}