{"id":16405,"date":"2016-07-20T17:20:50","date_gmt":"2016-07-20T20:20:50","guid":{"rendered":"http:\/\/catolicanet.net\/wp-cnet\/2016\/07\/20\/curso-de-pos-graduacao-em-liturgia-reune-participantes-do-brasil-e-da-argentina\/"},"modified":"2017-05-26T15:30:57","modified_gmt":"2017-05-26T18:30:57","slug":"curso-de-pos-graduacao-em-liturgia-reune-participantes-do-brasil-e-da-argentina","status":"publish","type":"post","link":"https:\/\/catolicanet.net\/wp-cnet\/curso-de-pos-graduacao-em-liturgia-reune-participantes-do-brasil-e-da-argentina\/","title":{"rendered":"Curso de p\u00f3s-gradua\u00e7\u00e3o em Liturgia re\u00fane participantes do Brasil e da Argentina"},"content":{"rendered":"<p style=\"text-align: justify;\"><img decoding=\"async\" src=\"http:\/\/www.catolicanet.com.br\/images\/stories\/noticias\/liturgia.jpg\" border=\"0\" align=\"left\" \/>Primeiro m\u00f3dulo teve in\u00edcio no dia 4 de julho<\/p>\n<p>O Centro Universit\u00e1rio Salesiano de S\u00e3o Paulo (Unisal), em parceria com o Centro de Liturgia Dom Clemente Isnard, iniciou, no dia 4 de julho, mais uma turma de p\u00f3s-gradua\u00e7\u00e3o em Liturgia. Participam do curso\u00a0 38 agentes de pastoral, entre eles, presb\u00edteros, religiosas, seminaristas e leigos, provenientes de diversas regi\u00f5es do Brasil e da Argentina.<\/p>\n<p>O curso, que conta com uma caga hor\u00e1ria de 400 horas-aula, \u00e9 desenvolvido em tr\u00eas m\u00f3dulos, que ocorrem sempre no m\u00eas de julho de 2016 a 2018. Um de seus objetivos \u00e9 capacitar liturgistas que sejam ao mesmo tempo formadores preparados para o aprofundamento, a pr\u00e1tica e a transmiss\u00e3o da vis\u00e3o teol\u00f3gica, mistag\u00f3gica, espiritual e pastoral da liturgia, emanada, particularmente, na perspectiva do Concilio Vaticano II.<\/p>\n<p>\u201cAl\u00e9m da bem valorizada matriz curricular do curso, merece destaque especial o ambiente de fraterna cordialidade, o n\u00edvel de compet\u00eancia e exig\u00eancia dos professores, assim como a metodologia empregada, que conjuga experi\u00eancia pessoal e comunit\u00e1ria com profundidade doutrinal, clareza teol\u00f3gica e espiritualidade, com \u00eanfase na dimens\u00e3o mistag\u00f3gica e pastoral da liturgia\u201d, afirma o assessor da Comiss\u00e3o Episcopal para a Liturgia da CNBB e um dos ministradores do curso, frei Faustino Paludo.<\/p>\n<p><\/p>\n<p style=\"text-align: justify;\">Fonte: CNBB<\/p>\n","protected":false},"excerpt":{"rendered":"<p>Primeiro m\u00f3dulo teve in\u00edcio no dia 4 de julho O Centro Universit\u00e1rio Salesiano de S\u00e3o Paulo (Unisal), em parceria com o Centro de Liturgia Dom Clemente Isnard, iniciou, no dia 4 de julho, mais uma turma de p\u00f3s-gradua\u00e7\u00e3o em Liturgia. Participam do curso\u00a0 38 agentes de pastoral, entre eles, presb\u00edteros, religiosas, seminaristas e leigos, provenientes [&hellip;]<\/p>\n","protected":false},"author":1,"featured_media":16404,"comment_status":"open","ping_status":"open","sticky":false,"template":"","format":"standard","meta":{"footnotes":""},"categories":[7],"tags":[],"class_list":["post-16405","post","type-post","status-publish","format-standard","has-post-thumbnail","hentry","category-cnbb"],"_links":{"self":[{"href":"https:\/\/catolicanet.net\/wp-cnet\/wp-json\/wp\/v2\/posts\/16405","targetHints":{"allow":["GET"]}}],"collection":[{"href":"https:\/\/catolicanet.net\/wp-cnet\/wp-json\/wp\/v2\/posts"}],"about":[{"href":"https:\/\/catolicanet.net\/wp-cnet\/wp-json\/wp\/v2\/types\/post"}],"author":[{"embeddable":true,"href":"https:\/\/catolicanet.net\/wp-cnet\/wp-json\/wp\/v2\/users\/1"}],"replies":[{"embeddable":true,"href":"https:\/\/catolicanet.net\/wp-cnet\/wp-json\/wp\/v2\/comments?post=16405"}],"version-history":[{"count":1,"href":"https:\/\/catolicanet.net\/wp-cnet\/wp-json\/wp\/v2\/posts\/16405\/revisions"}],"predecessor-version":[{"id":23551,"href":"https:\/\/catolicanet.net\/wp-cnet\/wp-json\/wp\/v2\/posts\/16405\/revisions\/23551"}],"wp:featuredmedia":[{"embeddable":true,"href":"https:\/\/catolicanet.net\/wp-cnet\/wp-json\/wp\/v2\/media\/16404"}],"wp:attachment":[{"href":"https:\/\/catolicanet.net\/wp-cnet\/wp-json\/wp\/v2\/media?parent=16405"}],"wp:term":[{"taxonomy":"category","embeddable":true,"href":"https:\/\/catolicanet.net\/wp-cnet\/wp-json\/wp\/v2\/categories?post=16405"},{"taxonomy":"post_tag","embeddable":true,"href":"https:\/\/catolicanet.net\/wp-cnet\/wp-json\/wp\/v2\/tags?post=16405"}],"curies":[{"name":"wp","href":"https:\/\/api.w.org\/{rel}","templated":true}]}}