{"id":16382,"date":"2016-07-20T12:39:39","date_gmt":"2016-07-20T15:39:39","guid":{"rendered":"http:\/\/catolicanet.net\/wp-cnet\/2016\/07\/20\/cardeal-turkson-no-sudao-do-sul-em-nome-do-papa\/"},"modified":"2017-06-02T10:00:26","modified_gmt":"2017-06-02T13:00:26","slug":"cardeal-turkson-no-sudao-do-sul-em-nome-do-papa","status":"publish","type":"post","link":"https:\/\/catolicanet.net\/wp-cnet\/cardeal-turkson-no-sudao-do-sul-em-nome-do-papa\/","title":{"rendered":"Cardeal Turkson no Sud\u00e3o do Sul em nome do Papa"},"content":{"rendered":"<p style=\"text-align: justify;\"><img decoding=\"async\" src=\"http:\/\/www.catolicanet.com.br\/images\/stories\/noticias\/ap3546210_articolo.jpg\" border=\"0\" align=\"left\" \/>Situa\u00e7\u00e3o perigosa no Sud\u00e3o do Sul: somente na ter\u00e7a-feira (20\/07), na capital, Juba, foram violentadas 18 pessoas enquanto os soldados do ex\u00e9rcito regular subtra\u00edram 4,5 mil toneladas de reservas alimentares dos dep\u00f3sitos da FAO.<\/p>\n<p style=\"text-align: justify;\"><a href=\"http:\/\/media02.radiovaticana.va\/audio\/audio2\/mp3\/00540085.mp3\">Clique aqui para ouvir.<\/a><\/p>\n<p>O Papa Francisco enviou ao pa\u00eds o cardeal gan\u00eas Peter Turkson, Presidente do Pontif\u00edcio Conselho da Justi\u00e7a e da Paz, que j\u00e1 entregou ao Presidente do pa\u00eds uma mensagem do Pont\u00edfice.<\/p>\n<p>\u201cSabemos que o Pont\u00edfice acompanha de perto a evolu\u00e7\u00e3o da situa\u00e7\u00e3o\u201d, diz o Padre Daniele Moschetti, superior dos mission\u00e1rios combonianos em Juba, aonde vive com outros cinco padres, ao lado do pal\u00e1cio presidencial.<\/p>\n<p>\u201cOs alimentos roubados deviam nutrir cerca de 200 mil pessoas que passam por prova\u00e7\u00f5es, sem comida e extremadas pelo conflito, dentro e fora dos campos de refugiados\u201d, denuncia o padre.<\/p>\n<p>Calma aparente<\/p>\n<p>Depois dos confrontos da semana passada, reina uma aparente calma no pa\u00eds: a maior parte das ONGs, funcion\u00e1rios das Na\u00e7\u00f5es Unidas e o contingente humanit\u00e1rio foram repatriados. O cessar-fogo est\u00e1 em vigor desde ter\u00e7a-feira, \u201cmas as viol\u00eancias, abusos e saques do ex\u00e9rcito continuam\u201d.<\/p>\n<p>\u201cEste \u00faltimo furto significa pelo menos 20 milh\u00f5es de d\u00f3lares queimados\u201d.<\/p>\n<p>\u201cO conflito est\u00e1 assumindo as fei\u00e7\u00f5es de uma disputa \u00e9tnica entre a maioria no poder (Dinka), e a oposi\u00e7\u00e3o, da etnia Nuer. E est\u00e1 mudando tamb\u00e9m o clima em rela\u00e7\u00e3o \u00e0 Igreja; estamos todos em risco\u201d, teme padre Daniele.<\/p>\n<p>Cerca de 350 mission\u00e1rios ainda permanecem no Sud\u00e3o do Sul. Os confrontos come\u00e7aram em dezembro de 2013 quando o Presidente Salva Kiir, acusou o vice, e ex-l\u00edder dos rebeldes, Riek Machar, de planejar um golpe de Estado para derrubar o governo. Em dois anos, houve uma s\u00e9rie de conflitos \u00e9tnicos e tribais, com repres\u00e1lias, a destrui\u00e7\u00e3o de aldeias, milhares de mortos e mais de 2 milh\u00f5es de refugiados. <\/p>\n<p style=\"text-align: justify;\">\u00a0<\/p>\n<p style=\"text-align: justify;\">Fonte: R\u00e1dio Vaticano<\/p>\n","protected":false},"excerpt":{"rendered":"<p>Situa\u00e7\u00e3o perigosa no Sud\u00e3o do Sul: somente na ter\u00e7a-feira (20\/07), na capital, Juba, foram violentadas 18 pessoas enquanto os soldados do ex\u00e9rcito regular subtra\u00edram 4,5 mil toneladas de reservas alimentares dos dep\u00f3sitos da FAO. Clique aqui para ouvir. O Papa Francisco enviou ao pa\u00eds o cardeal gan\u00eas Peter Turkson, Presidente do Pontif\u00edcio Conselho da Justi\u00e7a [&hellip;]<\/p>\n","protected":false},"author":1,"featured_media":16381,"comment_status":"open","ping_status":"open","sticky":false,"template":"","format":"standard","meta":{"footnotes":""},"categories":[3],"tags":[],"class_list":["post-16382","post","type-post","status-publish","format-standard","has-post-thumbnail","hentry","category-vaticano"],"_links":{"self":[{"href":"https:\/\/catolicanet.net\/wp-cnet\/wp-json\/wp\/v2\/posts\/16382","targetHints":{"allow":["GET"]}}],"collection":[{"href":"https:\/\/catolicanet.net\/wp-cnet\/wp-json\/wp\/v2\/posts"}],"about":[{"href":"https:\/\/catolicanet.net\/wp-cnet\/wp-json\/wp\/v2\/types\/post"}],"author":[{"embeddable":true,"href":"https:\/\/catolicanet.net\/wp-cnet\/wp-json\/wp\/v2\/users\/1"}],"replies":[{"embeddable":true,"href":"https:\/\/catolicanet.net\/wp-cnet\/wp-json\/wp\/v2\/comments?post=16382"}],"version-history":[{"count":1,"href":"https:\/\/catolicanet.net\/wp-cnet\/wp-json\/wp\/v2\/posts\/16382\/revisions"}],"predecessor-version":[{"id":27764,"href":"https:\/\/catolicanet.net\/wp-cnet\/wp-json\/wp\/v2\/posts\/16382\/revisions\/27764"}],"wp:featuredmedia":[{"embeddable":true,"href":"https:\/\/catolicanet.net\/wp-cnet\/wp-json\/wp\/v2\/media\/16381"}],"wp:attachment":[{"href":"https:\/\/catolicanet.net\/wp-cnet\/wp-json\/wp\/v2\/media?parent=16382"}],"wp:term":[{"taxonomy":"category","embeddable":true,"href":"https:\/\/catolicanet.net\/wp-cnet\/wp-json\/wp\/v2\/categories?post=16382"},{"taxonomy":"post_tag","embeddable":true,"href":"https:\/\/catolicanet.net\/wp-cnet\/wp-json\/wp\/v2\/tags?post=16382"}],"curies":[{"name":"wp","href":"https:\/\/api.w.org\/{rel}","templated":true}]}}