{"id":16380,"date":"2016-07-20T12:29:50","date_gmt":"2016-07-20T15:29:50","guid":{"rendered":"http:\/\/catolicanet.net\/wp-cnet\/2016\/07\/20\/o-programa-da-visita-do-papa-a-assis\/"},"modified":"2017-06-02T11:32:01","modified_gmt":"2017-06-02T14:32:01","slug":"o-programa-da-visita-do-papa-a-assis","status":"publish","type":"post","link":"https:\/\/catolicanet.net\/wp-cnet\/o-programa-da-visita-do-papa-a-assis\/","title":{"rendered":"O programa da visita do Papa a Assis"},"content":{"rendered":"<p style=\"text-align: justify;\"><img decoding=\"async\" src=\"http:\/\/www.catolicanet.com.br\/images\/stories\/noticias\/ansa1036217_articolo.jpg\" border=\"0\" align=\"left\" \/>Na quinta-feira, 4 de agosto de 2016, o Papa Francisco far\u00e1 uma peregrina\u00e7\u00e3o \u00e0 Porci\u00fancula, a capela na qual S\u00e3o Francisco de Assis morreu, lugar considerado o mais sagrado para a Ordem Franciscana.<\/p>\n<p>A visita se d\u00e1 na ocasi\u00e3o dos 800 anos do \u2018Perd\u00e3o de Assis\u2019.<\/p>\n<p>Na peregrina\u00e7\u00e3o, o Pont\u00edfice presidir\u00e1 tr\u00eas momentos: a ora\u00e7\u00e3o pessoal, uma medita\u00e7\u00e3o com todos os presentes e um encontro com os frades doentes na enfermaria provincial.<\/p>\n<p>O programa<\/p>\n<p>A visita ser\u00e1 breve: \u00e0s 15h40, o helic\u00f3ptero papal deve aterrar no campo de futebol \u201cMigaghelli\u201d, onde o Papa ser\u00e1 recebido pelo bispo de Assis-Nocera Umbra-Gualdo Tadino e autoridades civis. Em seguida, ir\u00e1 diretamente para a Bas\u00edlica de Santa Maria dos Anjos, no interno da qual se encontra a capela.<\/p>\n<p>Depois da ora\u00e7\u00e3o silenciosa na Porci\u00fancula, Francisco far\u00e1 uma catequese baseada no trecho evang\u00e9lico de Mateus 18,21-35.<\/p>\n<p>O Papa deve cumprimentar todos os bispos e os membros da Ordem Franciscana e ir\u00e1 \u00e0 Enfermaria, aonde estar\u00e3o cerca de 15 internados e o pessoal que assiste os doentes, inclusive os frades.<\/p>\n<p>Francisco sair\u00e1 para o adro da Bas\u00edlica, de onde saudar\u00e1 os fi\u00e9is presentes na pra\u00e7a. Dali, \u00e0s 18h, de carro, voltar\u00e1 ao campo esportivo para retornar ao Vaticano.<\/p>\n<p style=\"text-align: justify;\">\u00a0<\/p>\n<p style=\"text-align: justify;\">Fonte: R\u00e1dio Vaticano<\/p>\n","protected":false},"excerpt":{"rendered":"<p>Na quinta-feira, 4 de agosto de 2016, o Papa Francisco far\u00e1 uma peregrina\u00e7\u00e3o \u00e0 Porci\u00fancula, a capela na qual S\u00e3o Francisco de Assis morreu, lugar considerado o mais sagrado para a Ordem Franciscana. A visita se d\u00e1 na ocasi\u00e3o dos 800 anos do \u2018Perd\u00e3o de Assis\u2019. Na peregrina\u00e7\u00e3o, o Pont\u00edfice presidir\u00e1 tr\u00eas momentos: a ora\u00e7\u00e3o [&hellip;]<\/p>\n","protected":false},"author":1,"featured_media":16379,"comment_status":"open","ping_status":"open","sticky":false,"template":"","format":"standard","meta":{"footnotes":""},"categories":[3],"tags":[],"class_list":["post-16380","post","type-post","status-publish","format-standard","has-post-thumbnail","hentry","category-vaticano"],"_links":{"self":[{"href":"https:\/\/catolicanet.net\/wp-cnet\/wp-json\/wp\/v2\/posts\/16380","targetHints":{"allow":["GET"]}}],"collection":[{"href":"https:\/\/catolicanet.net\/wp-cnet\/wp-json\/wp\/v2\/posts"}],"about":[{"href":"https:\/\/catolicanet.net\/wp-cnet\/wp-json\/wp\/v2\/types\/post"}],"author":[{"embeddable":true,"href":"https:\/\/catolicanet.net\/wp-cnet\/wp-json\/wp\/v2\/users\/1"}],"replies":[{"embeddable":true,"href":"https:\/\/catolicanet.net\/wp-cnet\/wp-json\/wp\/v2\/comments?post=16380"}],"version-history":[{"count":1,"href":"https:\/\/catolicanet.net\/wp-cnet\/wp-json\/wp\/v2\/posts\/16380\/revisions"}],"predecessor-version":[{"id":28221,"href":"https:\/\/catolicanet.net\/wp-cnet\/wp-json\/wp\/v2\/posts\/16380\/revisions\/28221"}],"wp:featuredmedia":[{"embeddable":true,"href":"https:\/\/catolicanet.net\/wp-cnet\/wp-json\/wp\/v2\/media\/16379"}],"wp:attachment":[{"href":"https:\/\/catolicanet.net\/wp-cnet\/wp-json\/wp\/v2\/media?parent=16380"}],"wp:term":[{"taxonomy":"category","embeddable":true,"href":"https:\/\/catolicanet.net\/wp-cnet\/wp-json\/wp\/v2\/categories?post=16380"},{"taxonomy":"post_tag","embeddable":true,"href":"https:\/\/catolicanet.net\/wp-cnet\/wp-json\/wp\/v2\/tags?post=16380"}],"curies":[{"name":"wp","href":"https:\/\/api.w.org\/{rel}","templated":true}]}}