{"id":16353,"date":"2016-07-19T13:40:55","date_gmt":"2016-07-19T16:40:55","guid":{"rendered":"http:\/\/catolicanet.net\/wp-cnet\/2016\/07\/19\/o-legado-de-dom-paulo-evaristo-arns-em-defesa-da-liberdade\/"},"modified":"2017-05-29T16:35:16","modified_gmt":"2017-05-29T19:35:16","slug":"o-legado-de-dom-paulo-evaristo-arns-em-defesa-da-liberdade","status":"publish","type":"post","link":"https:\/\/catolicanet.net\/wp-cnet\/o-legado-de-dom-paulo-evaristo-arns-em-defesa-da-liberdade\/","title":{"rendered":"O legado de Dom Paulo Evaristo Arns em defesa da liberdade"},"content":{"rendered":"<p style=\"text-align: justify;\"><img decoding=\"async\" src=\"http:\/\/www.catolicanet.com.br\/images\/stories\/noticias\/orac3a7c3a3o-pelo-brasil.jpg\" border=\"0\" align=\"left\" \/>Arns quis que as pr\u00f3ximas gera\u00e7\u00f5es tivessem acesso ao que aconteceu e marcou a vida de tantas pessoas no per\u00edodo ditatorial<\/p>\n<p>A participa\u00e7\u00e3o de Dom Paulo Arns \u00e9 fundamental durante a ditadura e no processo de redemocratiza\u00e7\u00e3o do Brasil. Al\u00e9m de arcebispo, ele foi Gr\u00e3o Chanceler da Pontif\u00edcia Universidade Cat\u00f3lica de S\u00e3o Paulo e defendeu os direitos humanos junto a muitos outros envolvidos pela causa. Sua preocupa\u00e7\u00e3o diante do cen\u00e1rio de mortes, repress\u00e3o e tortura, vivido intensamente durante a ditadura militar, se tornou concreta a partir de a\u00e7\u00f5es promovidas por ele.<\/p>\n<p>Em janeiro de 1971, o arcebispo denunciou a pris\u00e3o e a tortura de agentes de pastoral, apoiando aqueles que estavam sendo pressionados pelo regime militar. Dom Paulo celebrou o hist\u00f3rico culto ecum\u00eanico (com a participa\u00e7\u00e3o de cat\u00f3licos, judeus, protestantes e adeptos de outras religi\u00f5es) em 1975, em mem\u00f3ria ao jornalista Vladimir Herzog, que foi torturado at\u00e9 a morte pelo regime militar brasileiro. Antes do sepultamento de Herzog, o arcebispo declarou: \u201cA liberdade \u2013 repito \u2013 a liberdade humana nos foi confiada como tarefa fundamental, para preservarmos, todos juntos, a vida do nosso irm\u00e3o, pela qual somos respons\u00e1veis, tanto individual quanto coletivamente\u201d.<\/p>\n<p>Entre a\u00e7\u00f5es, documentos e relatos de Dom Paulo a favor da liberdade e contra a ditadura, alguns se destacam, como a declara\u00e7\u00e3o \u201cN\u00e3o oprimas teu irm\u00e3o\u201d, que reiterava a den\u00fancia e condena\u00e7\u00e3o da tortura; e o documento \u201cRepress\u00e3o na Igreja do Brasil: reflexo de uma situa\u00e7\u00e3o de opress\u00e3o\u201d, pedido pelo arcebispo ao Centro Ecum\u00eanico de Documenta\u00e7\u00e3o e Informa\u00e7\u00e3o e amplamente divulgado.<\/p>\n<p>Al\u00e9m de apoiar a Comiss\u00e3o Arquidiocesana de Pastoral dos Direitos Humanos e Marginalizados em sua ajuda \u00e0 greve dos metal\u00fargicos do ABC, defendeu l\u00edderes sindicais oper\u00e1rios nas greves de 1980. Dom Paulo tamb\u00e9m orientava as comunidades no movimento pelas elei\u00e7\u00f5es diretas atrav\u00e9s de cartilhas e slides sobre f\u00e9 e pol\u00edtica.<\/p>\n<p>O projeto Brasil: Nunca Mais<\/p>\n<p>O dia 15 de janeiro de 1985 foi marcado pela \u00faltima elei\u00e7\u00e3o indireta, que elegeu Tancredo Neves como presidente da Rep\u00fablica. Pouco depois da elei\u00e7\u00e3o, Tancredo faleceu e seu vice, Jos\u00e9 Sarney, assumiu o cargo e tornou-se o primeiro presidente da Rep\u00fablica ap\u00f3s o governo ditatorial.<\/p>\n<p>Quatro meses ap\u00f3s a retomada do regime democr\u00e1tico, Dom Paulo Evaristo Arns lan\u00e7ou (juntamente com o reverendo Jaime Wright) um projeto desenvolvido nos anos oitenta pela Arquidiocese de S\u00e3o Paulo e pelo Conselho Mundial de Igrejas (que tornou mais f\u00e1cil a tarefa de arrecada\u00e7\u00e3o de fundos) e que marcou o processo de redemocratiza\u00e7\u00e3o do pa\u00eds, o Brasil: Nunca Mais.<\/p>\n<p>Os principais objetivos da obra eram obter informa\u00e7\u00f5es sobre as torturas praticadas pela repress\u00e3o pol\u00edtica, divulgar essas informa\u00e7\u00f5es para a sociedade brasileira e evitar que os processos judiciais por crimes pol\u00edticos fossem destru\u00eddos com o fim da ditadura.<\/p>\n<p>No in\u00edcio de 1980, os primeiros integrantes da equipe come\u00e7aram a desenvolv\u00ea-la.<\/p>\n<p>\u201cTudo transcorreu em segredo. [\u2026] Tr\u00eas anos depois de iniciados os trabalhos, praticamente o arquivo inteiro havia sido processado. Foram catalogadas mais de um milh\u00e3o de p\u00e1ginas, c\u00f3pias da quase totalidade dos processos pol\u00edticos (707 completos e dezenas de outros incompletos) que transitaram pela Justi\u00e7a Militar entre abril de 1964 e mar\u00e7o de 1979.\u201d (MEZAROBBA, 2006, p 66).<\/p>\n<p>A publica\u00e7\u00e3o da obra recebeu destaque nacional e internacional. O livro permaneceu na lista dos dez mais vendidos por 91 semanas consecutivas e foi, na \u00e9poca, o livro brasileiro de n\u00e3o-fic\u00e7\u00e3o mais vendido de todos os tempos. Idealizada por Dom Paulo, uma vers\u00e3o reduzida \u2013 para facilitar a compreens\u00e3o dos leitores \u2013 foi publicada pela Editora Vozes. Atualmente, \u00e9 poss\u00edvel encontrar Brasil: Nunca Mais tamb\u00e9m em forma digital, com um acervo dispon\u00edvel para o p\u00fablico.<\/p>\n<p>De acordo com Glenda Mezarobba (2006), o Projeto Brasil: Nunca Mais havia sido a primeira e mais importante tentativa de se revelar as atrocidades cometidas pela repress\u00e3o durante o regime militar.<\/p>\n<p>A trajet\u00f3ria e a contribui\u00e7\u00e3o de Dom Paulo Evaristo Arns foram essenciais durante o per\u00edodo da ditadura. Mais do que contribuir para o processo de redemocratiza\u00e7\u00e3o, Arns quis que as pr\u00f3ximas gera\u00e7\u00f5es tivessem acesso ao que aconteceu e marcou a vida de tantas pessoas no per\u00edodo ditatorial.<\/p>\n<p>Ele desejava que a divulga\u00e7\u00e3o da obra Brasil: Nunca Mais cumprisse um papel educativo junto \u00e0 sociedade. O projeto, assim como a busca por justi\u00e7a e o papel social desempenhado por ele durante seus (at\u00e9 ent\u00e3o) 94 anos de vida, s\u00e3o reflexos de seu pr\u00f3prio lema: \u201cPara que n\u00e3o se esque\u00e7a, para que nunca mais aconte\u00e7a\u201d.<\/p>\n<p style=\"text-align: justify;\">\u00a0<\/p>\n<p style=\"text-align: justify;\">Fonte: Aleteia<\/p>\n","protected":false},"excerpt":{"rendered":"<p>Arns quis que as pr\u00f3ximas gera\u00e7\u00f5es tivessem acesso ao que aconteceu e marcou a vida de tantas pessoas no per\u00edodo ditatorial A participa\u00e7\u00e3o de Dom Paulo Arns \u00e9 fundamental durante a ditadura e no processo de redemocratiza\u00e7\u00e3o do Brasil. Al\u00e9m de arcebispo, ele foi Gr\u00e3o Chanceler da Pontif\u00edcia Universidade Cat\u00f3lica de S\u00e3o Paulo e defendeu [&hellip;]<\/p>\n","protected":false},"author":1,"featured_media":16352,"comment_status":"open","ping_status":"open","sticky":false,"template":"","format":"standard","meta":{"footnotes":""},"categories":[7],"tags":[],"class_list":["post-16353","post","type-post","status-publish","format-standard","has-post-thumbnail","hentry","category-cnbb"],"_links":{"self":[{"href":"https:\/\/catolicanet.net\/wp-cnet\/wp-json\/wp\/v2\/posts\/16353","targetHints":{"allow":["GET"]}}],"collection":[{"href":"https:\/\/catolicanet.net\/wp-cnet\/wp-json\/wp\/v2\/posts"}],"about":[{"href":"https:\/\/catolicanet.net\/wp-cnet\/wp-json\/wp\/v2\/types\/post"}],"author":[{"embeddable":true,"href":"https:\/\/catolicanet.net\/wp-cnet\/wp-json\/wp\/v2\/users\/1"}],"replies":[{"embeddable":true,"href":"https:\/\/catolicanet.net\/wp-cnet\/wp-json\/wp\/v2\/comments?post=16353"}],"version-history":[{"count":1,"href":"https:\/\/catolicanet.net\/wp-cnet\/wp-json\/wp\/v2\/posts\/16353\/revisions"}],"predecessor-version":[{"id":24274,"href":"https:\/\/catolicanet.net\/wp-cnet\/wp-json\/wp\/v2\/posts\/16353\/revisions\/24274"}],"wp:featuredmedia":[{"embeddable":true,"href":"https:\/\/catolicanet.net\/wp-cnet\/wp-json\/wp\/v2\/media\/16352"}],"wp:attachment":[{"href":"https:\/\/catolicanet.net\/wp-cnet\/wp-json\/wp\/v2\/media?parent=16353"}],"wp:term":[{"taxonomy":"category","embeddable":true,"href":"https:\/\/catolicanet.net\/wp-cnet\/wp-json\/wp\/v2\/categories?post=16353"},{"taxonomy":"post_tag","embeddable":true,"href":"https:\/\/catolicanet.net\/wp-cnet\/wp-json\/wp\/v2\/tags?post=16353"}],"curies":[{"name":"wp","href":"https:\/\/api.w.org\/{rel}","templated":true}]}}