{"id":16349,"date":"2016-07-19T13:25:50","date_gmt":"2016-07-19T16:25:50","guid":{"rendered":"http:\/\/catolicanet.net\/wp-cnet\/2016\/07\/19\/viana-do-castelo-futuro-sacerdote-desafia-jovens-a-lnuncar-desistirem-e-arriscarem-lsemprer\/"},"modified":"2017-05-31T09:59:31","modified_gmt":"2017-05-31T12:59:31","slug":"viana-do-castelo-futuro-sacerdote-desafia-jovens-a-lnuncar-desistirem-e-arriscarem-lsemprer","status":"publish","type":"post","link":"https:\/\/catolicanet.net\/wp-cnet\/viana-do-castelo-futuro-sacerdote-desafia-jovens-a-lnuncar-desistirem-e-arriscarem-lsemprer\/","title":{"rendered":"Viana do Castelo: Futuro sacerdote desafia jovens a \u00abnunca\u00bb desistirem e arriscarem \u00absempre\u00bb"},"content":{"rendered":"<p style=\"text-align: justify;\"><img decoding=\"async\" src=\"http:\/\/www.catolicanet.com.br\/images\/stories\/noticias\/foto_bruno_3.jpg\" border=\"0\" align=\"left\" \/>Bruno Barbosa vai ser ordenado este domingo \u00e0s 15h30, na S\u00e9 de Viana<\/p>\n<p>Viana do Castelo, 19 jul 2016 (Ecclesia) \u2013 O di\u00e1cono Bruno Barbosa est\u00e1 a poucos dias da sua ordena\u00e7\u00e3o sacerdotal e aos 24 anos destaca que a Igreja aproxima-se dos jovens \u201couvindo\u201d os \u201canseios, sonhos, dificuldades e esperan\u00e7as\u201d.<\/p>\n<p>\u201cAos jovens pe\u00e7o para que nunca desistam, mas que arrisquem sempre. Junto deles, a pastoral vocacional ter\u00e1 que convocar e provocar, desinstalar os jovens com as quest\u00f5es fundamentais da vida. Uma pastoral do testemunho e de a\u00e7\u00f5es\u201d, disse o futuro padre da Diocese de Viana do Castelo<\/p>\n<p>Em entrevista enviada hoje \u00e0 Ag\u00eancia ECCLESIA pela Diocese de Viana do Castelo, o di\u00e1cono Bruno Barbosa explica que seguir Jesus Cristo hoje \u201cn\u00e3o \u00e9 f\u00e1cil\u201d porque ser padre \u201cimplica\u201d saber que \u201ch\u00e1 mais incompreens\u00f5es do que compreens\u00f5es\u201d mas \u201c\u00e9 desafiante\u201d porque o an\u00fancio do Evangelho \u00e9 feito dessa forma.<\/p>\n<p>Para o di\u00e1cono a Igreja tem \u201cnecessidade\u201d de se aproximar das gera\u00e7\u00f5es mais novas sem que isso implique deixar \u201ctoda a sua doutrina e tradi\u00e7\u00e3o\u201d.<\/p>\n<p>\u201cA aproxima\u00e7\u00e3o da Igreja aos jovens faz-se ouvindo cada um dos seus anseios, sonhos, dificuldades e esperan\u00e7as. Ser\u00e1, como em tudo, uma pastoral pr\u00f3xima e de escuta\u201d, acrescentou.<\/p>\n<p>A ordena\u00e7\u00e3o sacerdotal de Bruno Barbosa vai acontecer este domingo, \u00e0s 15h30, na S\u00e9 de Viana do Castelo, e o futuro padre vive o aproximar desse dia com uma \u201cprofunda gratid\u00e3o\u201d e um \u201csentimento de pequenez\u201d.<\/p>\n<p>\u201cA minha sorte \u00e9 que Deus continua a apostar naqueles que s\u00e3o mais fr\u00e1geis e indignos, e, por isso, sinto-me t\u00e3o pequeno perante t\u00e3o grande dom. Contudo, sei que Deus precisa de mim, olha-me e v\u00ea as minhas capacidades e incapacidades\u201d, desenvolveu, confessando que aos sentimentos de \u201cmuita confian\u00e7a e serenidade\u201d mistura-se \u201calguma ansiedade e nervosismo\u201d.<\/p>\n<p>Bruno Barbosa recorda que o \u201cdesejo de ser padre\u201d come\u00e7ou na inf\u00e2ncia, aos sete anos, quando depois da \u201cexperi\u00eancia marcante na viv\u00eancia crist\u00e3\u201d da primeira comunh\u00e3o come\u00e7ou a dizer que \u201cgostava\u201d de se tornar sacerdote para \u201cpoder dar a comunh\u00e3o a muitos meninos\u201d.<\/p>\n<p>O futuro sacerdote entrou para o Semin\u00e1rio Menor no 7.\u00ba ano de escolaridade, em 2004, e continuou a forma\u00e7\u00e3o no Semin\u00e1rio Conciliar de S\u00e3o Pedro e S\u00e3o Paulo, na Arquidiocese de Braga.<\/p>\n<p>A forma\u00e7\u00e3o no semin\u00e1rio \u201cfoi muit\u00edssimo importante\u201d para consolidar a sua resposta que surgiu ao colocar das \u201cquest\u00f5es corretas\u201d: \u201cSenhor, que queres de mim?\u201d<\/p>\n<p>\u201cFoi um tempo muito fecundo, tanto no sim quotidiano \u00e0 sua vontade e ao seu chamamento, como a n\u00edvel formativo nas suas diversas vertentes &#8211; espiritual, intelectual, humana e pastoral\u201d, assinalou o di\u00e1cono, que destacou tamb\u00e9m igualmente o papel das pessoas que o acompanharam e \u201cajudaram na consolida\u00e7\u00e3o da entrega ao projeto de Deus\u201d.<\/p>\n<p>Bruno Barbosa nasceu a 3 de outubro de 1991, em Poiares, Ponte de Lima, Diocese de Viana do Castelo e \u00e9 o mais velho de tr\u00eas irm\u00e3os.<\/p>\n<p style=\"text-align: justify;\">\u00a0<\/p>\n<p style=\"text-align: justify;\">Fonte: Ag\u00eancia Ecclesia<\/p>\n","protected":false},"excerpt":{"rendered":"<p>Bruno Barbosa vai ser ordenado este domingo \u00e0s 15h30, na S\u00e9 de Viana Viana do Castelo, 19 jul 2016 (Ecclesia) \u2013 O di\u00e1cono Bruno Barbosa est\u00e1 a poucos dias da sua ordena\u00e7\u00e3o sacerdotal e aos 24 anos destaca que a Igreja aproxima-se dos jovens \u201couvindo\u201d os \u201canseios, sonhos, dificuldades e esperan\u00e7as\u201d. \u201cAos jovens pe\u00e7o para [&hellip;]<\/p>\n","protected":false},"author":1,"featured_media":16348,"comment_status":"open","ping_status":"open","sticky":false,"template":"","format":"standard","meta":{"footnotes":""},"categories":[4],"tags":[],"class_list":["post-16349","post","type-post","status-publish","format-standard","has-post-thumbnail","hentry","category-cotidiano"],"_links":{"self":[{"href":"https:\/\/catolicanet.net\/wp-cnet\/wp-json\/wp\/v2\/posts\/16349","targetHints":{"allow":["GET"]}}],"collection":[{"href":"https:\/\/catolicanet.net\/wp-cnet\/wp-json\/wp\/v2\/posts"}],"about":[{"href":"https:\/\/catolicanet.net\/wp-cnet\/wp-json\/wp\/v2\/types\/post"}],"author":[{"embeddable":true,"href":"https:\/\/catolicanet.net\/wp-cnet\/wp-json\/wp\/v2\/users\/1"}],"replies":[{"embeddable":true,"href":"https:\/\/catolicanet.net\/wp-cnet\/wp-json\/wp\/v2\/comments?post=16349"}],"version-history":[{"count":1,"href":"https:\/\/catolicanet.net\/wp-cnet\/wp-json\/wp\/v2\/posts\/16349\/revisions"}],"predecessor-version":[{"id":25560,"href":"https:\/\/catolicanet.net\/wp-cnet\/wp-json\/wp\/v2\/posts\/16349\/revisions\/25560"}],"wp:featuredmedia":[{"embeddable":true,"href":"https:\/\/catolicanet.net\/wp-cnet\/wp-json\/wp\/v2\/media\/16348"}],"wp:attachment":[{"href":"https:\/\/catolicanet.net\/wp-cnet\/wp-json\/wp\/v2\/media?parent=16349"}],"wp:term":[{"taxonomy":"category","embeddable":true,"href":"https:\/\/catolicanet.net\/wp-cnet\/wp-json\/wp\/v2\/categories?post=16349"},{"taxonomy":"post_tag","embeddable":true,"href":"https:\/\/catolicanet.net\/wp-cnet\/wp-json\/wp\/v2\/tags?post=16349"}],"curies":[{"name":"wp","href":"https:\/\/api.w.org\/{rel}","templated":true}]}}