{"id":16347,"date":"2016-07-19T13:22:00","date_gmt":"2016-07-19T16:22:00","guid":{"rendered":"http:\/\/catolicanet.net\/wp-cnet\/2016\/07\/19\/jmj2016-diocese-de-beja-une-experiencia-e-juventude-para-ltransmitir-o-testemunhor\/"},"modified":"2017-05-31T09:59:32","modified_gmt":"2017-05-31T12:59:32","slug":"jmj2016-diocese-de-beja-une-experiencia-e-juventude-para-ltransmitir-o-testemunhor","status":"publish","type":"post","link":"https:\/\/catolicanet.net\/wp-cnet\/jmj2016-diocese-de-beja-une-experiencia-e-juventude-para-ltransmitir-o-testemunhor\/","title":{"rendered":"JMJ2016: Diocese de Beja une experi\u00eancia e juventude para \u00abtransmitir o testemunho\u00bb"},"content":{"rendered":"<p style=\"text-align: justify;\"><img decoding=\"async\" src=\"http:\/\/www.catolicanet.com.br\/images\/stories\/noticias\/2beja.jpg\" border=\"0\" align=\"left\" \/>Respons\u00e1vel diocesano sublinha entusiasmo dos participantes<\/p>\n<p>Beja, 19 jul 2016 (Ecclesia) &#8211; O respons\u00e1vel do Secretariado da Pastoral Juvenil em Beja afirmou que os jovens da diocese est\u00e3o \u201centusiasmados\u201d com a participa\u00e7\u00e3o na Jornada Mundial da Juventude (JMJ) 2016, em Crac\u00f3via.<\/p>\n<p>O padre Francisco Encarna\u00e7\u00e3o destaca \u00e0 Ag\u00eancia ECCLESIA a import\u00e2ncia de juntar experi\u00eancia e juventude no grupo de 24 pessoas que vai viajar do Baixo Alentejo para a Pol\u00f3nia.<\/p>\n<p>\u201cH\u00e1 um misto de juventude de 17 anos e gente com uma maturidade de maior experi\u00eancia, algu\u00e9m que j\u00e1 participou em quatro jornadas mundiais da juventude\u201d, refere.<\/p>\n<p>O sacerdote sublinha que \u201c\u00e9 muito importante\u201d essa troca de experi\u00eancias, porque os que j\u00e1 participaram noutros encontros mundiais s\u00e3o \u201co testemunho vivo\u201d da \u201cexperi\u00eancia v\u00e1lida que transforma\u201d.<\/p>\n<p>O diretor do Secretariado Diocesano da Pastoral Juvenil de Beja explica que a experi\u00eancia acumulada de outras participa\u00e7\u00f5es quer \u201cfortalecer e apoiar\u201d os que v\u00e3o \u00e0 jornada pela primeira vez, para que \u201csintam que \u00e9 um percurso para continuar\u201d.<\/p>\n<p>\u201cQueremos confiar este legado, transmitir o testemunho para que iniciem tamb\u00e9m um novo caminho\u201d, refor\u00e7a.<\/p>\n<p>\u201cPossibilitar a estes jovens, que muitos foram crismados agora no Pentecostes, ap\u00f3s a confirma\u00e7\u00e3o ser enviado em miss\u00e3o \u00e0 Jornada Mundial da Juventude \u00e9 sentirmos que somos instrumentos de Deus para que os jovens conhe\u00e7am mais profundamente a Igreja e penetrem nestes mist\u00e9rios de Deus em n\u00f3s\u201d, desenvolveu o padre Francisco Encarna\u00e7\u00e3o.<\/p>\n<p>A 31.\u00aa Jornada Mundial da Juventude tem como tema \u2018Felizes os misericordiosos porque alcan\u00e7aram miseric\u00f3rdia\u2019, uma escolha que o entrevistado considera atual para os jovens para poderem \u201ctransmitir\u201d tamb\u00e9m esse \u201camor aos outros\u201d, para sentirem a for\u00e7a, a miseric\u00f3rdia\u201d.<\/p>\n<p>O sacerdote observa que o lema da JMJ \u201c\u00e9 fundamental\u201d inserido no Ano Santo da Miseric\u00f3rdia, no qual o Papa Francisco recorda que o amor de Deus \u00e9 \u201cinfinitamente maior que todos os erros, todas as faltas, todos os pecados\u201d.<\/p>\n<p>\u201cOs jovens precisam ouvir isto porque andam em caminhos mais desviados. Saberem e terem a certeza que o amor de Deus \u00e9 muito maior e n\u00e3o h\u00e1 nada que n\u00e3o tenha perd\u00e3o. N\u00e3o devemos \u00e9 cansar de pedir ao Senhor esse amor, essa sua miseric\u00f3rdia para as nossas vidas\u201d, acrescentou.<\/p>\n<p>A Pol\u00f3nia \u00e9 a terra natal de S\u00e3o Jo\u00e3o Paulo II, o Papa que iniciou as JMJ e que para o padre Francisco Encarna\u00e7\u00e3o \u00e9 \u201cum motor\u201d a interceder pelo encontro mundial de jovens cat\u00f3licos \u201cjunto de Deus\u201d.<\/p>\n<p>J\u00e1 do Papa Francisco, que participa na sua segunda JMJ enquanto pont\u00edfice, o sacerdote de Beja destaca o seu \u201c\u00e0-vontade, a simplicidade\u201d, o seu modo de comunicar com uma linguagem simples \u201ccom o chegar ao cora\u00e7\u00e3o, com os gestos concretos\u201d.<\/p>\n<p>\u201cNingu\u00e9m \u00e9 indiferente ao Papa Francisco e muitos menos os jovens que gostam de se sentir protagonistas, gostam de sentir que t\u00eam um lugar\u201d, refere o entrevistado.<\/p>\n<p>Cada JMJ realiza-se, anualmente, a n\u00edvel diocesano no Domingo de Ramos, alternando com um encontro internacional a cada dois ou tr\u00eas anos numa grande cidade: em 1987, Buenos Aires (Argentina); em 1989, Santiago de Compostela (Espanha); em 1991, Czestochowa (Pol\u00f3nia); em 1993 em Denver (EUA); em 1995, Manila (Filipinas); em 1997, Paris (Fran\u00e7a); em 2000, Roma (It\u00e1lia); em 2002, Toronto (Canad\u00e1); em 2005, Col\u00f3nia (Alemanha); em 2008, Sidney (Austr\u00e1lia); em 2011, Madrid (Espanha) e Rio de Janeiro (Brasil), em 2013.<\/p>\n<p>Este \u00e9 o acontecimento mais internacional e numeroso que a Igreja Cat\u00f3lica organiza em todo o mundo.<\/p>\n<p>A JMJ 2016 est\u00e1 em destaque nas emiss\u00f5es do Programa ECCLESIA na Antena 1, de segunda a sexta-feira (22h45), at\u00e9 ao pr\u00f3ximo dia 29.<\/p>\n<p style=\"text-align: justify;\">\u00a0<\/p>\n<p style=\"text-align: justify;\">Fonte: Ag\u00eancia Ecclesia<\/p>\n","protected":false},"excerpt":{"rendered":"<p>Respons\u00e1vel diocesano sublinha entusiasmo dos participantes Beja, 19 jul 2016 (Ecclesia) &#8211; O respons\u00e1vel do Secretariado da Pastoral Juvenil em Beja afirmou que os jovens da diocese est\u00e3o \u201centusiasmados\u201d com a participa\u00e7\u00e3o na Jornada Mundial da Juventude (JMJ) 2016, em Crac\u00f3via. O padre Francisco Encarna\u00e7\u00e3o destaca \u00e0 Ag\u00eancia ECCLESIA a import\u00e2ncia de juntar experi\u00eancia e [&hellip;]<\/p>\n","protected":false},"author":1,"featured_media":16346,"comment_status":"open","ping_status":"open","sticky":false,"template":"","format":"standard","meta":{"footnotes":""},"categories":[4],"tags":[],"class_list":["post-16347","post","type-post","status-publish","format-standard","has-post-thumbnail","hentry","category-cotidiano"],"_links":{"self":[{"href":"https:\/\/catolicanet.net\/wp-cnet\/wp-json\/wp\/v2\/posts\/16347","targetHints":{"allow":["GET"]}}],"collection":[{"href":"https:\/\/catolicanet.net\/wp-cnet\/wp-json\/wp\/v2\/posts"}],"about":[{"href":"https:\/\/catolicanet.net\/wp-cnet\/wp-json\/wp\/v2\/types\/post"}],"author":[{"embeddable":true,"href":"https:\/\/catolicanet.net\/wp-cnet\/wp-json\/wp\/v2\/users\/1"}],"replies":[{"embeddable":true,"href":"https:\/\/catolicanet.net\/wp-cnet\/wp-json\/wp\/v2\/comments?post=16347"}],"version-history":[{"count":1,"href":"https:\/\/catolicanet.net\/wp-cnet\/wp-json\/wp\/v2\/posts\/16347\/revisions"}],"predecessor-version":[{"id":25561,"href":"https:\/\/catolicanet.net\/wp-cnet\/wp-json\/wp\/v2\/posts\/16347\/revisions\/25561"}],"wp:featuredmedia":[{"embeddable":true,"href":"https:\/\/catolicanet.net\/wp-cnet\/wp-json\/wp\/v2\/media\/16346"}],"wp:attachment":[{"href":"https:\/\/catolicanet.net\/wp-cnet\/wp-json\/wp\/v2\/media?parent=16347"}],"wp:term":[{"taxonomy":"category","embeddable":true,"href":"https:\/\/catolicanet.net\/wp-cnet\/wp-json\/wp\/v2\/categories?post=16347"},{"taxonomy":"post_tag","embeddable":true,"href":"https:\/\/catolicanet.net\/wp-cnet\/wp-json\/wp\/v2\/tags?post=16347"}],"curies":[{"name":"wp","href":"https:\/\/api.w.org\/{rel}","templated":true}]}}