{"id":16328,"date":"2016-07-18T19:42:38","date_gmt":"2016-07-18T22:42:38","guid":{"rendered":"http:\/\/catolicanet.net\/wp-cnet\/2016\/07\/18\/missao-salesiana-faz-memoria-a-padre-rodolfo-lunkenbein-e-simao-bororo\/"},"modified":"2017-05-26T15:32:45","modified_gmt":"2017-05-26T18:32:45","slug":"missao-salesiana-faz-memoria-a-padre-rodolfo-lunkenbein-e-simao-bororo","status":"publish","type":"post","link":"https:\/\/catolicanet.net\/wp-cnet\/missao-salesiana-faz-memoria-a-padre-rodolfo-lunkenbein-e-simao-bororo\/","title":{"rendered":"Miss\u00e3o Salesiana faz mem\u00f3ria a padre Rodolfo Lunkenbein e Sim\u00e3o Bororo"},"content":{"rendered":"<p style=\"text-align: justify;\"><img decoding=\"async\" src=\"http:\/\/www.catolicanet.com.br\/images\/stories\/noticias\/msmt-famlia-salesiana-meruri.jpg\" border=\"0\" align=\"left\" \/>Mission\u00e1rio e ind\u00edgena mortos em 1976 t\u00eam causa de mart\u00edrio iniciada<\/p>\n<p>No \u00faltimo dia 15 de julho, foram celebrados os 40 anos da morte de padre salesiano Rodolfo Lunkenbein e do ind\u00edgena Sim\u00e3o Cristino Koge Kudugodu (Sim\u00e3o Bororo), assassinados por causa da luta pela demarca\u00e7\u00e3o da reserva de Meruri, em Mato Grosso. A Inspetoria Mission\u00e1ria Salesiana de Campo Grande (MS) e outros integrantes da Congrega\u00e7\u00e3o, representantes de entidades eclesiais e da sociedade que trabalham em defesa dos ind\u00edgenas participaram de celebra\u00e7\u00e3o na reserva ind\u00edgena Meruri, a cerca de 450 km de Cuiab\u00e1 (MT), na diocese de Barra do Gar\u00e7as (MT).<\/p>\n<p>A celebra\u00e7\u00e3o foi presidida pelo bispo local, dom Prot\u00f3genes Luft. O presidente da Miss\u00e3o Salesiana de Mato Grosso (MSMT), padre Gild\u00e1sio Mendes dos Santos, fez a homilia da missa, e destacou a import\u00e2ncia da mem\u00f3ria do mart\u00edrio para toda a Igreja, no contexto do Jubileu Extraordin\u00e1rio da Miseric\u00f3rdia. \u201cNeste ano t\u00e3o importante que o papa Francisco nos convida para celebrar e abra\u00e7ar a miseric\u00f3rdia, o testemunho de f\u00e9 em Jesus Cristo do padre Rodolfo e a alian\u00e7a de sangue entre o sacerdote e o ind\u00edgena, convidam-nos para renovar profundamente nosso amor a Jesus Cristo e sermos disc\u00edpulos-mission\u00e1rios para os outros, como viveu e testemunhou nosso pai dom Bosco\u201d, ressaltou.<\/p>\n<p>Com participa\u00e7\u00e3o de pessoas da comunidade ind\u00edgena que conheceram pessoalmente padre Rodolfo e de familiares de Sim\u00e3o Bororo, a celebra\u00e7\u00e3o foi realizada em dois momentos. At\u00e9 o Ato Penitencial, aconteceu no cemit\u00e9rio onde o mission\u00e1rio e o ind\u00edgena foram sepultados. Em prociss\u00e3o, os participantes seguiram at\u00e9 a Pra\u00e7a dos M\u00e1rtires. Ap\u00f3s a missa, a comunidade Bororo apresentou dan\u00e7as t\u00edpicas e interpretou o \u201cHino da caminhada dos m\u00e1rtires\u201d, do bispo em\u00e9rito de S\u00e3o F\u00e9lix do Araguaia (MT), dom Pedro Casald\u00e1liga, e o \u201cHino Rodolfo e Sim\u00e3o, vidas pela vida\u201d, escrito pelo padre Osmar Bezutte, salesiano.<\/p>\n<p style=\"text-align: justify;\">Processo de declara\u00e7\u00e3o de mart\u00edrio<\/p>\n<p>Por ocasi\u00e3o da celebra\u00e7\u00e3o, a Miss\u00e3o Salesiana realizou pedido de abertura de processo para a causa de mart\u00edrio dos dois memorados \u00e0 congrega\u00e7\u00e3o religiosa. O reitor-mor dos salesianos, padre \u00c1ngel Fern\u00e1ndez Artime, confirmou o in\u00edcio do processo, assumindo as responsabilidades morais e econ\u00f4micas junto \u00e0 competente diocese de Barra do Gar\u00e7as e a Congrega\u00e7\u00e3o das Causas dos Santos, em Roma.<\/p>\n<p style=\"text-align: justify;\">Revista<\/p>\n<p>A mem\u00f3ria dos 40 anos da morte de padre Rodolfo e do \u00edndio Sim\u00e3o Bororo incentivou a elabora\u00e7\u00e3o de uma revista especial por parte da Inspetoria Salesiana de Campo Grande. A publica\u00e7\u00e3o possui artigos, depoimentos, cartas, fotografias e textos escritos por padre Rodolfo, al\u00e9m de cr\u00f4nicas dos fatos de Meruri que tornam poss\u00edvel a compreens\u00e3o do contexto hist\u00f3rico e social da \u00e9poca. <\/p>\n<p>Um dos depoimentos da revista \u00e9 de dom Pedro Casald\u00e1liga sobre a atua\u00e7\u00e3o do padre Rodolfo como mission\u00e1rio. \u201cEu tenho a impress\u00e3o clara, convicta, de que o padre Rodolfo foi o mission\u00e1rio Ad Gentes completo e, concretamente, mission\u00e1rio Ad Gentes do Terceiro Mundo, dos pobres, dos povos ind\u00edgenas. Ele se doou totalmente; se encarnou e doou todas as suas capacidades espirituais, t\u00e9cnicas, o seu jeito, o seu sorriso, o seu olhar transparente, o cora\u00e7\u00e3o grande, como o pr\u00f3prio corpo. Uma dedica\u00e7\u00e3o sempre esperan\u00e7ada. O padre Rodolfo n\u00e3o conhecia o des\u00e2nimo, n\u00e3o conhecia rupturas na sua dedica\u00e7\u00e3o\u201d, escreveu dom Pedro.<\/p>\n<p style=\"text-align: justify;\">Hist\u00f3rico<\/p>\n<p>Padre Rodolfo Lunkenbein, lembrado como o primeiro a dar a vida pela causa ind\u00edgena, nasceu em 1\u00ba de abril de 1939, em D\u00f6ringstadt, na Alemanha. Ainda adolescente, despertou o desejo de ser mission\u00e1rio ao ter acesso a publica\u00e7\u00f5es salesianas.<\/p>\n<p>No Brasil como mission\u00e1rio, fez o noviciado em S\u00e3o Paulo (SP) e o p\u00f3s-noviciado em Campo Grande, sendo designado para a experi\u00eancia de aprendizado em Meruri, local onde permaneceu at\u00e9 1965. Voltou \u00e0 Alemanha para estudar Teologia e outros cursos que facilitassem a continua\u00e7\u00e3o de sua miss\u00e3o no Brasil. <\/p>\n<p>Lunkenbein foi ordenado sacerdote em 29 de junho de 1969, quando p\u00f4de voltar a Meruri, onde foi recebido com muito carinho pelos \u00edndios Bororos, que lhe deram o nome de Koge Ekureu (Peixe Dourado). O padre foi um dos fundadores do Conselho Indigenista Mission\u00e1rio (Cimi), em 1972. Lutou pela demarca\u00e7\u00e3o da reserva de Meruri, conquistada no ano de sua morte (1976). <\/p>\n<p>O \u00edndio Bororo, Sim\u00e3o Koge Ekudugodu, amigo e companheiro de padre Rodolfo Lunkenbein, nasceu em Meruri, em 27 de outubro de 1937 e foi batizado em 7 de novembro do mesmo ano. Sim\u00e3o era integrante de um grupo de Bororos que acompanharam os mission\u00e1rios padre Pedro Sbardellotto e irm\u00e3o Jorge W\u00f6rz na primeira resid\u00eancia mission\u00e1ria entre os \u00edndios Xavantes, na miss\u00e3o de Santa Terezinha, entre os anos de 1957 e 1958. Era o mais jovem do grupo.<\/p>\n<p>Entre 1962 e 1964 participou da constru\u00e7\u00e3o das primeiras casas de alvenaria para as fam\u00edlias Bororo de Meruri. Tornou-se pedreiro pr\u00e1tico e dedicou o resto de sua vida a este of\u00edcio, colaborando na aldeia e na miss\u00e3o entre os seus.<\/p>\n<p>Sim\u00e3o foi assassinado ao tentar defender a vida do padre Rodolfo Lunkenbein, no dia 15 de julho de 1976. Recebeu os \u00faltimos sacramentos no hospital de Meruri enquanto recebia tamb\u00e9m os primeiros socorros da enfermeira irm\u00e3 Margarida Abatti. Faleceu no avi\u00e3o que o conduzia para ser tratado na cidade, na mesma data.<\/p>\n<p>A sede central do regional do Cimi de Mato Grosso, na Chapada dos Guimar\u00e3es, recebe o nome de Sim\u00e3o Bororo. A Igreja de Rondon\u00f3polis (MT) honra-o na Caminhada dos M\u00e1rtires, feita anualmente pelas ruas da cidade. Em Meruri, todos os anos \u00e9 solenemente celebrado o anivers\u00e1rio de seu mart\u00edrio, junto com o do padre Rodolfo Lunkenbein.<br \/>Com informa\u00e7\u00f5es e foto da Miss\u00e3o Salesiana de Mato Grosso e da Inspetoria Salesiana de Campo Grande <br \/>\u00daltimas not\u00edcias<\/p>\n<p> Miss\u00e3o Salesiana faz mem\u00f3ria a padre Rodolfo Lunkenbein e Sim\u00e3o Bororo<br \/> O rosto de Deus<br \/> Marta e Maria<br \/> A juventude na terra de Jo\u00e3o Paulo II<br \/> Da diocese de Uruguaiana \u00e0 diocese de Santa Cruz do Sul<\/p>\n<p>Artigos dos Bispos<\/p>\n<p> O rosto de Deus<br \/> Marta e Maria<br \/> A juventude na terra de Jo\u00e3o Paulo II<br \/> Da diocese de Uruguaiana \u00e0 diocese de Santa Cruz do Sul<\/p>\n<p style=\"text-align: justify;\">\u00a0<\/p>\n<p style=\"text-align: justify;\">Fonte: CNBB<\/p>\n","protected":false},"excerpt":{"rendered":"<p>Mission\u00e1rio e ind\u00edgena mortos em 1976 t\u00eam causa de mart\u00edrio iniciada No \u00faltimo dia 15 de julho, foram celebrados os 40 anos da morte de padre salesiano Rodolfo Lunkenbein e do ind\u00edgena Sim\u00e3o Cristino Koge Kudugodu (Sim\u00e3o Bororo), assassinados por causa da luta pela demarca\u00e7\u00e3o da reserva de Meruri, em Mato Grosso. A Inspetoria Mission\u00e1ria [&hellip;]<\/p>\n","protected":false},"author":1,"featured_media":16327,"comment_status":"open","ping_status":"open","sticky":false,"template":"","format":"standard","meta":{"footnotes":""},"categories":[7],"tags":[],"class_list":["post-16328","post","type-post","status-publish","format-standard","has-post-thumbnail","hentry","category-cnbb"],"_links":{"self":[{"href":"https:\/\/catolicanet.net\/wp-cnet\/wp-json\/wp\/v2\/posts\/16328","targetHints":{"allow":["GET"]}}],"collection":[{"href":"https:\/\/catolicanet.net\/wp-cnet\/wp-json\/wp\/v2\/posts"}],"about":[{"href":"https:\/\/catolicanet.net\/wp-cnet\/wp-json\/wp\/v2\/types\/post"}],"author":[{"embeddable":true,"href":"https:\/\/catolicanet.net\/wp-cnet\/wp-json\/wp\/v2\/users\/1"}],"replies":[{"embeddable":true,"href":"https:\/\/catolicanet.net\/wp-cnet\/wp-json\/wp\/v2\/comments?post=16328"}],"version-history":[{"count":1,"href":"https:\/\/catolicanet.net\/wp-cnet\/wp-json\/wp\/v2\/posts\/16328\/revisions"}],"predecessor-version":[{"id":23556,"href":"https:\/\/catolicanet.net\/wp-cnet\/wp-json\/wp\/v2\/posts\/16328\/revisions\/23556"}],"wp:featuredmedia":[{"embeddable":true,"href":"https:\/\/catolicanet.net\/wp-cnet\/wp-json\/wp\/v2\/media\/16327"}],"wp:attachment":[{"href":"https:\/\/catolicanet.net\/wp-cnet\/wp-json\/wp\/v2\/media?parent=16328"}],"wp:term":[{"taxonomy":"category","embeddable":true,"href":"https:\/\/catolicanet.net\/wp-cnet\/wp-json\/wp\/v2\/categories?post=16328"},{"taxonomy":"post_tag","embeddable":true,"href":"https:\/\/catolicanet.net\/wp-cnet\/wp-json\/wp\/v2\/tags?post=16328"}],"curies":[{"name":"wp","href":"https:\/\/api.w.org\/{rel}","templated":true}]}}