{"id":16314,"date":"2016-07-18T16:49:21","date_gmt":"2016-07-18T19:49:21","guid":{"rendered":"http:\/\/catolicanet.net\/wp-cnet\/2016\/07\/18\/missionarias-brasileiras-sao-enviadas-a-mocambique\/"},"modified":"2017-05-31T10:01:43","modified_gmt":"2017-05-31T13:01:43","slug":"missionarias-brasileiras-sao-enviadas-a-mocambique","status":"publish","type":"post","link":"https:\/\/catolicanet.net\/wp-cnet\/missionarias-brasileiras-sao-enviadas-a-mocambique\/","title":{"rendered":"Mission\u00e1rias brasileiras s\u00e3o enviadas a Mo\u00e7ambique"},"content":{"rendered":"<p style=\"text-align: justify;\"><img decoding=\"async\" src=\"http:\/\/www.catolicanet.com.br\/images\/stories\/noticias\/0 0 0 0 a crb envio.jpg\" border=\"0\" align=\"left\" \/>Mais quatro religiosas foram enviadas pela Igreja do Brasil, sob coordena\u00e7\u00e3o da Confer\u00eancia dos Religiosos do Brasil (CRB), nesta quinta-feira, 14, para a diocese de Pemba, em Mo\u00e7ambique. O envio foi realizado no contexto da 24\u00aa Assembleia Geral Eletiva da CRB que aconteceu ao longo desta semana em Bras\u00edlia (DF).<\/p>\n<p>A nova comunidade intercongregacional ser\u00e1 composta pelas Irm\u00e3s Ana da Gl\u00f3ria, da Congrega\u00e7\u00e3o das Franciscanas Penitentes Recoletinas, Irm\u00e3 Neusa Aparecida Bernardo, da Congrega\u00e7\u00e3o das Franciscanas da Penit\u00eancia, Francisca da Silva Maia, da Congrega\u00e7\u00e3o das Cordimarianas e Telma Silva de Oliveira, da congrega\u00e7\u00e3o das Irm\u00e3s da Purifica\u00e7\u00e3o de Maria Sant\u00edssima.<\/p>\n<p><img decoding=\"async\" src=\"http:\/\/www.catolicanet.com.br\/images\/stories\/noticias\/0 0 0 0 a crb envio3.jpg\" border=\"0\" align=\"right\" \/>Irm\u00e3 Ana da Gl\u00f3ria vai para al\u00e9m fronteiras encorajada pelas palavras de Jesus &#8220;vamos para outra margem&#8221;. J\u00e1 Irm\u00e3 Neusa revela que ir para a \u00c1frica \u00e9 um sonho que alimenta desde crian\u00e7a e que agora se torna realidade.<\/p>\n<p>Inspirada na devo\u00e7\u00e3o a Maria, Irm\u00e3 Francisca da Silva Maia quer &#8220;ser sinal da ternura do cora\u00e7\u00e3o de Maria para aqueles que est\u00e3o sofrendo. Ela afirma que este gesto foi o grande ofert\u00f3rio da congrega\u00e7\u00e3o que neste ano celebra o centen\u00e1rio e quer dar passos novos, alargar a tenda, ousar, comprometer-se com a vida, principalmente onde ela est\u00e1 muito amea\u00e7ada.<\/p>\n<p>Irm\u00e3 Telma Silva de Oliveira diz sentir-se preparada para a miss\u00e3o, pois a ora\u00e7\u00e3o pessoal, a sua rela\u00e7\u00e3o \u00edntima com Deus e o di\u00e1logo com a Congrega\u00e7\u00e3o a tem confirmado neste caminho.<\/p>\n<p>O cuidado dos pobres, a miseric\u00f3rdia como raz\u00e3o de ser da miss\u00e3o, o risco do funcionalismo, a unidade e a feminiza\u00e7\u00e3o da miss\u00e3o foram elementos destacados pelo presidente da Confer\u00eancia nacional dos Bispos do Brasil (CNBB) e arcebispo de Bras\u00edlia, dom S\u00e9rgio da Rocha, durante a celebra\u00e7\u00e3o de envio de quatro mission\u00e1rias para a diocese de Pemba \u2013 Mo\u00e7ambique.<\/p>\n<p>O cuidado dos pobres<\/p>\n<p style=\"text-align: justify;\"><img decoding=\"async\" src=\"http:\/\/www.catolicanet.com.br\/images\/stories\/bispos\/0 0 0 0 a crb envio1.jpg\" border=\"0\" align=\"left\" \/>Dom S\u00e9rgio fez mem\u00f3ria sobre a miss\u00e3o da Igreja que \u00e9 servir os mais pobres, mais sofredores, descartados pelo mercado. S\u00e3o estes irm\u00e3os e irm\u00e3s que deveriam receber o nosso amor no servi\u00e7o efetivo. N\u00e3o podemos cair na tenta\u00e7\u00e3o de viver para n\u00f3s mesmos, de perpetuar estruturas e prestar servi\u00e7os como se f\u00f4ssemos funcion\u00e1rios de institui\u00e7\u00f5es, mas colocar no centro Jesus Cristo e, a partir dele, firmar a centralidade da nossa miss\u00e3o. Necessitamos de gestos concretos de proximidade com os que mais sofrem. Temos a gra\u00e7a de enviar em miss\u00e3o Irm\u00e3s que participam da vida da nossa Igreja, da Vida Religiosa do Brasil.<\/p>\n<p>Miss\u00e3o e miseric\u00f3rdia<\/p>\n<p style=\"text-align: justify;\">Temos a gra\u00e7a desse envio mission\u00e1rio neste contexto ano da miseric\u00f3rdia para recordar que cada um de nos e chamado a ser sinal da miseric\u00f3rdia de Deus ter um cora\u00e7\u00e3o miseric\u00f3rdia. Sabemos que para dar, de fato, aos pequeninos a verdadeira aten\u00e7\u00e3o precisamos viver a miseric\u00f3rdia na miss\u00e3o. N\u00e3o \u00e9 poss\u00edvel ser Igreja mission\u00e1ria sem miseric\u00f3rdia e ser a Igreja da miseric\u00f3rdia sem a miss\u00e3o. A miseric\u00f3rdia e a miss\u00e3o nos direcionam para os mais pobres.<\/p>\n<p>A VR deve ser epifania da miseric\u00f3rdia de Deus sendo mission\u00e1ria, porque n\u00e3o \u00e9 poss\u00edvel somente cultivar sentimentos de miseric\u00f3rdia sem traduzir essa compaix\u00e3o em gestos e iniciativas efetivas que n\u00e3o s\u00e3o apenas de car\u00e1ter pessoal, mas comunit\u00e1rio.<\/p>\n<p>O risco do funcionalismo<\/p>\n<p style=\"text-align: justify;\">Parafraseando o Papa Francisco, dom S\u00e9rgio alertou para o risco do funcionalismo na Vida Consagrada. &#8220;O risco de criarmos estruturas que crescem, a elefant\u00edase, e muitas vezes se deixando levar por um esquema que n\u00e3o tem a ver com o servi\u00e7o, mas com a o esquema empresarial. A l\u00f3gica do mercado n\u00e3o tem a ver com a encarna\u00e7\u00e3o do Verbo que \u00e9 a gratuidade, a simplicidade. Temos que pedir a gra\u00e7a para n\u00e3o perdermos estes valores em vista da miss\u00e3o da Igreja&#8221;.<\/p>\n<p>A unidade<\/p>\n<p style=\"text-align: justify;\">&#8220;Que possamos caminhar juntos com o episcopado. Quando nos unimos como temos feito at\u00e9 agora, aparece o vigor, a beleza da comunh\u00e3o. Agradecemos a Deus pela a comunh\u00e3o existente entre n\u00f3s, a qual tem sua fonte na comunh\u00e3o eucar\u00edstica&#8221;.<\/p>\n<p>A feminiza\u00e7\u00e3o da miss\u00e3o<\/p>\n<p style=\"text-align: justify;\">&#8220;A Igreja sempre contou com a presen\u00e7a de homens e mulheres na miss\u00e3o e historicamente ela \u00e9 marcada pela a\u00e7\u00e3o de religiosos e religiosas. Este envio faz pensar na import\u00e2ncia das mulheres na Igreja , de modo particular, a Vida Consagrada e a grande contribui\u00e7\u00e3o que elas tem dado na transmiss\u00e3o da f\u00e9 e na anima\u00e7\u00e3o mission\u00e1ria. Contamos com toda a Igreja mas sentimos que agradecidos com a presen\u00e7a das mulheres que tanto fazem em nossas comunidades e aquelas que abra\u00e7am a Vida Consagrada e agora s\u00e3o enviadas em miss\u00e3o. S\u00e3o testemunhas do vigor da pr\u00f3pria Igreja atrav\u00e9s da participa\u00e7\u00e3o de cada uma delas&#8221;.<\/p>\n<p style=\"text-align: justify;\">\u00a0<\/p>\n<p style=\"text-align: justify;\">Fonte: POM<\/p>\n","protected":false},"excerpt":{"rendered":"<p>Mais quatro religiosas foram enviadas pela Igreja do Brasil, sob coordena\u00e7\u00e3o da Confer\u00eancia dos Religiosos do Brasil (CRB), nesta quinta-feira, 14, para a diocese de Pemba, em Mo\u00e7ambique. O envio foi realizado no contexto da 24\u00aa Assembleia Geral Eletiva da CRB que aconteceu ao longo desta semana em Bras\u00edlia (DF). A nova comunidade intercongregacional ser\u00e1 [&hellip;]<\/p>\n","protected":false},"author":1,"featured_media":16313,"comment_status":"open","ping_status":"open","sticky":false,"template":"","format":"standard","meta":{"footnotes":""},"categories":[4],"tags":[],"class_list":["post-16314","post","type-post","status-publish","format-standard","has-post-thumbnail","hentry","category-cotidiano"],"_links":{"self":[{"href":"https:\/\/catolicanet.net\/wp-cnet\/wp-json\/wp\/v2\/posts\/16314","targetHints":{"allow":["GET"]}}],"collection":[{"href":"https:\/\/catolicanet.net\/wp-cnet\/wp-json\/wp\/v2\/posts"}],"about":[{"href":"https:\/\/catolicanet.net\/wp-cnet\/wp-json\/wp\/v2\/types\/post"}],"author":[{"embeddable":true,"href":"https:\/\/catolicanet.net\/wp-cnet\/wp-json\/wp\/v2\/users\/1"}],"replies":[{"embeddable":true,"href":"https:\/\/catolicanet.net\/wp-cnet\/wp-json\/wp\/v2\/comments?post=16314"}],"version-history":[{"count":1,"href":"https:\/\/catolicanet.net\/wp-cnet\/wp-json\/wp\/v2\/posts\/16314\/revisions"}],"predecessor-version":[{"id":25569,"href":"https:\/\/catolicanet.net\/wp-cnet\/wp-json\/wp\/v2\/posts\/16314\/revisions\/25569"}],"wp:featuredmedia":[{"embeddable":true,"href":"https:\/\/catolicanet.net\/wp-cnet\/wp-json\/wp\/v2\/media\/16313"}],"wp:attachment":[{"href":"https:\/\/catolicanet.net\/wp-cnet\/wp-json\/wp\/v2\/media?parent=16314"}],"wp:term":[{"taxonomy":"category","embeddable":true,"href":"https:\/\/catolicanet.net\/wp-cnet\/wp-json\/wp\/v2\/categories?post=16314"},{"taxonomy":"post_tag","embeddable":true,"href":"https:\/\/catolicanet.net\/wp-cnet\/wp-json\/wp\/v2\/tags?post=16314"}],"curies":[{"name":"wp","href":"https:\/\/api.w.org\/{rel}","templated":true}]}}