{"id":16312,"date":"2016-07-18T16:44:11","date_gmt":"2016-07-18T19:44:11","guid":{"rendered":"http:\/\/catolicanet.net\/wp-cnet\/2016\/07\/18\/dominicanos-800-anos-de-vida-papa-envia-sua-bencao-ao-capitulo\/"},"modified":"2017-06-02T10:25:20","modified_gmt":"2017-06-02T13:25:20","slug":"dominicanos-800-anos-de-vida-papa-envia-sua-bencao-ao-capitulo","status":"publish","type":"post","link":"https:\/\/catolicanet.net\/wp-cnet\/dominicanos-800-anos-de-vida-papa-envia-sua-bencao-ao-capitulo\/","title":{"rendered":"Dominicanos, 800 anos de vida. Papa envia sua b\u00ean\u00e7\u00e3o ao cap\u00edtulo"},"content":{"rendered":"<p style=\"text-align: justify;\"><img decoding=\"async\" src=\"http:\/\/www.catolicanet.com.br\/images\/stories\/papas\/afp5498172_articolo.jpg\" border=\"0\" align=\"left\" \/>O Papa Francisco concedeu a sua b\u00ean\u00e7\u00e3o apost\u00f3lica ao Mestre da Ordem dominicana, frei Bruno Cadore, e todos os frades participantes do Cap\u00edtulo Geral de Bolonha 2016. O Pont\u00edfice estendeu tamb\u00e9m sua b\u00ean\u00e7\u00e3o a toda a Ordem, por meio de um telegrama assinado pelo Secret\u00e1rio de Estado, Cardeal Pietro Parolin.<\/p>\n<p>\u201cPor ocasi\u00e3o do Cap\u00edtulo Geral dos Priores Provinciais da Ordem dos Pregadores, que se realiza em Bolonha, no contexto do ano do Jubileu extraordin\u00e1rio da Miseric\u00f3rdia e do Oitavoa Centen\u00e1rio da confirma\u00e7\u00e3o da Ordem por parte de Hon\u00f3rio III, Sua Santidade, o Papa Francisco, envia suas cordiais e sinceras sauda\u00e7\u00f5es e invoca os dons do Esp\u00edrito Santo, recordando que a miseric\u00f3rdia \u00e9 o pilar que sustenta a vida da Igreja\u201d.<\/p>\n<p>\u201cToda a sua a\u00e7\u00e3o pastoral deve ser inclu\u00edda na ternura e nenhum an\u00fancio ou testemunho no mundo pode ser sem miseric\u00f3rdia. A credibilidade da Igreja passa atrav\u00e9s das vias do amor misericordioso e compassivo que d\u00e1 nova vida e coragem para olhar ao futuro com esperan\u00e7a\u201d.<\/p>\n<p>\u201cO Santo Padre auspicia que todos os que seguem o carisma de S\u00e3o Domingos \u2013 incans\u00e1vel ap\u00f3stolo de gra\u00e7a e perd\u00e3o \u2013 compassivo com os pobres e ardente defensor da verdade \u2013 possam testemunhar miseric\u00f3rdia, professando-a e encarnando-a na vida, e possam ser sinais da proximidade e da ternura de Deus, assim que a sociedade de hoje possa redescobrir e urg\u00eancia da solidariedade, do amor e do perd\u00e3o\u201d.<\/p>\n<p>\u201cEnquanto solicita suas ora\u00e7\u00f5es em apoio a seu minist\u00e9rio petrino, o Papa, por intercess\u00e3o de Nossa Senhora do Ros\u00e1rio e de todos os santos da Fam\u00edlia Dominicana, concede a voc\u00eas, assim como a todos os frades capitulares, a b\u00ean\u00e7\u00e3o apost\u00f3lica, estendendo-a de bom grado a toda a Ordem\u201d.<\/p>\n<p>O Cap\u00edtulo geral de Bolonha 2016 teve in\u00edcio em 16 de julho e se encerrar\u00e1 em 5 de agosto, com uma audi\u00eancia especial do Papa. <\/p>\n<p>A Ordem est\u00e1 celebrando um ano jubilar, nos 800 anos de funda\u00e7\u00e3o, com o tema \u201cEnviados para pregar o Evangelho\u201d.<\/p>\n<p style=\"text-align: justify;\">\u00a0<\/p>\n<p style=\"text-align: justify;\">Fonte: R\u00e1dio Vaticano<\/p>\n","protected":false},"excerpt":{"rendered":"<p>O Papa Francisco concedeu a sua b\u00ean\u00e7\u00e3o apost\u00f3lica ao Mestre da Ordem dominicana, frei Bruno Cadore, e todos os frades participantes do Cap\u00edtulo Geral de Bolonha 2016. O Pont\u00edfice estendeu tamb\u00e9m sua b\u00ean\u00e7\u00e3o a toda a Ordem, por meio de um telegrama assinado pelo Secret\u00e1rio de Estado, Cardeal Pietro Parolin. \u201cPor ocasi\u00e3o do Cap\u00edtulo Geral [&hellip;]<\/p>\n","protected":false},"author":1,"featured_media":16311,"comment_status":"open","ping_status":"open","sticky":false,"template":"","format":"standard","meta":{"footnotes":""},"categories":[3],"tags":[],"class_list":["post-16312","post","type-post","status-publish","format-standard","has-post-thumbnail","hentry","category-vaticano"],"_links":{"self":[{"href":"https:\/\/catolicanet.net\/wp-cnet\/wp-json\/wp\/v2\/posts\/16312","targetHints":{"allow":["GET"]}}],"collection":[{"href":"https:\/\/catolicanet.net\/wp-cnet\/wp-json\/wp\/v2\/posts"}],"about":[{"href":"https:\/\/catolicanet.net\/wp-cnet\/wp-json\/wp\/v2\/types\/post"}],"author":[{"embeddable":true,"href":"https:\/\/catolicanet.net\/wp-cnet\/wp-json\/wp\/v2\/users\/1"}],"replies":[{"embeddable":true,"href":"https:\/\/catolicanet.net\/wp-cnet\/wp-json\/wp\/v2\/comments?post=16312"}],"version-history":[{"count":1,"href":"https:\/\/catolicanet.net\/wp-cnet\/wp-json\/wp\/v2\/posts\/16312\/revisions"}],"predecessor-version":[{"id":27895,"href":"https:\/\/catolicanet.net\/wp-cnet\/wp-json\/wp\/v2\/posts\/16312\/revisions\/27895"}],"wp:featuredmedia":[{"embeddable":true,"href":"https:\/\/catolicanet.net\/wp-cnet\/wp-json\/wp\/v2\/media\/16311"}],"wp:attachment":[{"href":"https:\/\/catolicanet.net\/wp-cnet\/wp-json\/wp\/v2\/media?parent=16312"}],"wp:term":[{"taxonomy":"category","embeddable":true,"href":"https:\/\/catolicanet.net\/wp-cnet\/wp-json\/wp\/v2\/categories?post=16312"},{"taxonomy":"post_tag","embeddable":true,"href":"https:\/\/catolicanet.net\/wp-cnet\/wp-json\/wp\/v2\/tags?post=16312"}],"curies":[{"name":"wp","href":"https:\/\/api.w.org\/{rel}","templated":true}]}}