{"id":16310,"date":"2016-07-18T16:37:36","date_gmt":"2016-07-18T19:37:36","guid":{"rendered":"http:\/\/catolicanet.net\/wp-cnet\/2016\/07\/18\/asiaturquia-golpe-falido-um-sacerdote-qos-imames-das-mesquitas-pediram-ao-povo-para-tomar-as-ruas-a-fim-de-defender-erdoganq\/"},"modified":"2017-05-31T10:01:43","modified_gmt":"2017-05-31T13:01:43","slug":"asiaturquia-golpe-falido-um-sacerdote-qos-imames-das-mesquitas-pediram-ao-povo-para-tomar-as-ruas-a-fim-de-defender-erdoganq","status":"publish","type":"post","link":"https:\/\/catolicanet.net\/wp-cnet\/asiaturquia-golpe-falido-um-sacerdote-qos-imames-das-mesquitas-pediram-ao-povo-para-tomar-as-ruas-a-fim-de-defender-erdoganq\/","title":{"rendered":"\u00c1SIA\/TURQUIA &#8211; Golpe falido. Um sacerdote: &#8220;Os imames das mesquitas pediram ao povo para tomar as ruas a fim de defender Erdogan&#8221;"},"content":{"rendered":"<p style=\"text-align: justify;\"><img decoding=\"async\" src=\"http:\/\/www.catolicanet.com.br\/images\/stories\/noticias\/primopiano_2121.jpg\" border=\"0\" align=\"left\" \/>Antakya (Ag\u00eancia Fides) &#8211; &#8220;Hoje \u00e0 noite, durante a noite inteira nos alto-falantes das mesquitas, al\u00e9m de ora\u00e7\u00f5es, os imames em intervalos curtos faziam apelos convidando todos a tomar as ruas para mostrar seu apoio ao Governo e ao Presidente Recep Tayyip Erdogan.&#8221; Foi o que disse \u00e0 Ag\u00eancia Fides Pe. Paolo Pugliese OFMCap, que realiza o seu servi\u00e7o pastoral na par\u00f3quia cat\u00f3lica de Antakya, antiga Antioquia no Orontes, onde viviam S\u00e3o Pedro e S\u00e3o Paulo, S\u00e3o Lucas e S\u00e3o Barnab\u00e9, e onde pela primeira vez os disc\u00edpulos de Jesus foram chamados crist\u00e3os.<br \/>O testemunho proveniente de Antakya, capital da Prov\u00edncia de Hatay, que faz fronteira com a S\u00edria, confirma que, mesmo nos centros urbanos menores da Turquia houve manifesta\u00e7\u00f5es contra a tentativa de golpe de Estado realizado por setores das for\u00e7as armadas turcas no final da noite de sexta-feira 15 de julho. Mesmo em Antakya uma parte consider\u00e1vel da popula\u00e7\u00e3o tomou as ruas do centro da cidade lan\u00e7ando slogans e tocando as buzinas de carros, mas n\u00e3o se ouviram tiros. O dia come\u00e7ou com uma calmaria. Todos sabem que Erdogan assumiu a situa\u00e7\u00e3o, mas se espera para ver como a hist\u00f3ria vai evoluir e quais ser\u00e3o as conseq\u00fc\u00eancias do golpe falido.<br \/>Fontes do Patriarcado Ecum\u00eanico de Constantinopla referem a Fides que nas horas agitadas da tentativa de golpe de Estado, o Patriarca Ecum\u00eanico Bartolomeu, atualmente no exterior por um per\u00edodo de descanso, enviou uma mensagem \u00e0s pessoas \u2013 eclesi\u00e1sticos e leigos &#8211; atualmente presentes na sede patriarcal com vista para o Chifre de Ouro, em Istambul, fornecendo-lhes medidas de precau\u00e7\u00e3o sobre como se comportar e enfrentar a situa\u00e7\u00e3o.<\/p>\n<p style=\"text-align: justify;\">\u00a0<\/p>\n<p style=\"text-align: justify;\">Fonte: Ag\u00eancia Fides<\/p>\n<p style=\"text-align: justify;\">\u00a0<\/p>\n","protected":false},"excerpt":{"rendered":"<p>Antakya (Ag\u00eancia Fides) &#8211; &#8220;Hoje \u00e0 noite, durante a noite inteira nos alto-falantes das mesquitas, al\u00e9m de ora\u00e7\u00f5es, os imames em intervalos curtos faziam apelos convidando todos a tomar as ruas para mostrar seu apoio ao Governo e ao Presidente Recep Tayyip Erdogan.&#8221; Foi o que disse \u00e0 Ag\u00eancia Fides Pe. Paolo Pugliese OFMCap, que [&hellip;]<\/p>\n","protected":false},"author":1,"featured_media":16309,"comment_status":"open","ping_status":"open","sticky":false,"template":"","format":"standard","meta":{"footnotes":""},"categories":[4],"tags":[],"class_list":["post-16310","post","type-post","status-publish","format-standard","has-post-thumbnail","hentry","category-cotidiano"],"_links":{"self":[{"href":"https:\/\/catolicanet.net\/wp-cnet\/wp-json\/wp\/v2\/posts\/16310","targetHints":{"allow":["GET"]}}],"collection":[{"href":"https:\/\/catolicanet.net\/wp-cnet\/wp-json\/wp\/v2\/posts"}],"about":[{"href":"https:\/\/catolicanet.net\/wp-cnet\/wp-json\/wp\/v2\/types\/post"}],"author":[{"embeddable":true,"href":"https:\/\/catolicanet.net\/wp-cnet\/wp-json\/wp\/v2\/users\/1"}],"replies":[{"embeddable":true,"href":"https:\/\/catolicanet.net\/wp-cnet\/wp-json\/wp\/v2\/comments?post=16310"}],"version-history":[{"count":1,"href":"https:\/\/catolicanet.net\/wp-cnet\/wp-json\/wp\/v2\/posts\/16310\/revisions"}],"predecessor-version":[{"id":25570,"href":"https:\/\/catolicanet.net\/wp-cnet\/wp-json\/wp\/v2\/posts\/16310\/revisions\/25570"}],"wp:featuredmedia":[{"embeddable":true,"href":"https:\/\/catolicanet.net\/wp-cnet\/wp-json\/wp\/v2\/media\/16309"}],"wp:attachment":[{"href":"https:\/\/catolicanet.net\/wp-cnet\/wp-json\/wp\/v2\/media?parent=16310"}],"wp:term":[{"taxonomy":"category","embeddable":true,"href":"https:\/\/catolicanet.net\/wp-cnet\/wp-json\/wp\/v2\/categories?post=16310"},{"taxonomy":"post_tag","embeddable":true,"href":"https:\/\/catolicanet.net\/wp-cnet\/wp-json\/wp\/v2\/tags?post=16310"}],"curies":[{"name":"wp","href":"https:\/\/api.w.org\/{rel}","templated":true}]}}