{"id":16306,"date":"2016-07-16T03:00:00","date_gmt":"2016-07-16T06:00:00","guid":{"rendered":"http:\/\/catolicanet.net\/wp-cnet\/2016\/07\/16\/sacerdote-catolico-explica-como-lutar-contra-a-prostituicao-e-o-trafico-na-tailandia\/"},"modified":"2017-05-31T10:01:44","modified_gmt":"2017-05-31T13:01:44","slug":"sacerdote-catolico-explica-como-lutar-contra-a-prostituicao-e-o-trafico-na-tailandia","status":"publish","type":"post","link":"https:\/\/catolicanet.net\/wp-cnet\/sacerdote-catolico-explica-como-lutar-contra-a-prostituicao-e-o-trafico-na-tailandia\/","title":{"rendered":"Sacerdote cat\u00f3lico explica como lutar contra a prostitui\u00e7\u00e3o e o tr\u00e1fico na Tail\u00e2ndia"},"content":{"rendered":"<p style=\"text-align: justify;\"><img decoding=\"async\" src=\"http:\/\/www.catolicanet.com.br\/images\/stories\/noticias\/misioneroluismiguelavils_blancaruiz_13072016.jpg\" border=\"0\" align=\"left\" \/>Passar de uma pequena localidade no centro da Espanha como \u00e9 Ciudad Real para a Tail\u00e2ndia \u00e9 uma enorme mudan\u00e7a, algo que o mission\u00e1rio espanhol Pe. Luis Miguel Avil\u00e9s conhece bem. Ele viveu naquele pa\u00eds durante 10 anos evangelizando e trabalhando pela educa\u00e7\u00e3o dos jovens, especialmente em defesa das menores que est\u00e3o em perigo de cair na prostitui\u00e7\u00e3o e no tr\u00e1fico de pessoas.<\/p>\n<p>Em entrevista concedida ao Grupo ACI, o sacerdote explicou que uma das formas de combater estes flagelos \u00e9 a educa\u00e7\u00e3o das meninas, especialmente no nordeste do pa\u00eds.<\/p>\n<p>As jovens dessa regi\u00e3o, relata, \u201ctradicionalmente eram captadas para trabalhar em bord\u00e9is no sul, que \u00e9 mais tur\u00edstico. Especialmente perigosa \u00e9 a \u00e9poca em que est\u00e3o no col\u00e9gio secund\u00e1rio\u201d.<\/p>\n<p>\u201cA\u00ed, muitas delas deixam a escola e v\u00e3o trabalhar normalmente na prostitui\u00e7\u00e3o\u201d, den\u00fancia.<\/p>\n<p>O mission\u00e1rio explica que \u201cas salesianas do Bankok estabeleceram uma s\u00e9rie de \u2018corredores\u2019 para que as jovens se formem com cursos para fazer outros trabalhos nas casas como nas \u00e1reas de cozinha e limpeza. Elas ensinam tudo e assim as meninas t\u00eam outra op\u00e7\u00e3o para trabalhar\u201d.<\/p>\n<p>Desta maneira, \u201cmuitas foram capazes de sair de um caminho que as levava \u00e0 prostitui\u00e7\u00e3o\u201d.<\/p>\n<p>Outro grande colaborador da Igreja na luta contra o tr\u00e1fico \u00e9 a ONG espanhola \u2018Somos Uno\u2019, fundada pelo famoso escritor Jos\u00e9 Luis Olaizola e que, na Tail\u00e2ndia, \u00e9 dirigida pela professora de espanhol Rasamis Crisanamis e pelo sacerdote jesu\u00edta Pe. Alfonso.<\/p>\n<p>\u201cCompartilhei alguns projetos de \u2018Somos Uno\u2019 no norte da Tail\u00e2ndia. S\u00e3o especialmente importantes os relacionados com as etapas cr\u00edticas da adolesc\u00eancia, quando muitos dos pais tiram as meninas da escola para que trabalhem e, ao final, acabam caindo nas m\u00e3os das m\u00e1fias\u201d, assegura ao Grupo ACI.<\/p>\n<p>O mission\u00e1rio explica que est\u00e1 convencido de que grande parte da solu\u00e7\u00e3o para este grande problema est\u00e1 na \u201cforma\u00e7\u00e3o das jovens\u201d.<\/p>\n<p>Como chegou \u00e0 Tail\u00e2ndia?<\/p>\n<p>Depois de trabalhar por 17 anos em Ciudad Real, o Pe. Avil\u00e9s decidiu se oferecer para sair para evangelizar onde fosse necess\u00e1rio. \u201cApresentou-se a possibilidade de ir \u00e0 \u00c1sia, eu n\u00e3o tinha nenhum inconveniente, assim, me destinaram para a Tail\u00e2ndia\u201d, explica ao Grupo ACI.<\/p>\n<p>Segundo recorda, a primeira coisa que \u201csaboreou\u201d da Tail\u00e2ndia quando chegou ao aeroporto \u201cfoi um grande golpe de calor\u201d e pensou \u201co que me espera aqui?\u201d. \u201cMas, na verdade, a chegada foi simples, porque j\u00e1 havia companheiros sacerdotes que realizavam um projeto e eu me inseri nele\u201d.<\/p>\n<p>Durante dois anos e meio, aprendeu tailand\u00eas e se envolveu totalmente na cultura do pa\u00eds. Posteriormente, foi destinado a uma par\u00f3quia na bacia do rio Mecong, na fronteira com Laos.<\/p>\n<p>\u201c\u00c9 uma \u00e1rea muito conflitiva, porque h\u00e1 muita droga que passa entre as fronteiras. Ali, a pol\u00edcia fluvial e antidrogas estava constantemente\u201d, precisa.<\/p>\n<p>Nesse lugar, viveu cerca de seis anos, apoiando e formando a comunidade cat\u00f3lica, que representa 0,4 por cento da popula\u00e7\u00e3o do pa\u00eds.<\/p>\n<p>O sacerdote assinala que, pelo fato da Tail\u00e2ndia ser um pa\u00eds eminentemente budista, torna-se de vital import\u00e2ncia na miss\u00e3o \u201ca forma\u00e7\u00e3o de l\u00edderes seculares, catequistas e que se formem bem as voca\u00e7\u00f5es religiosas e ao sacerd\u00f3cio\u201d.<\/p>\n<p>Isto, ressalta, porque \u201cter\u00e1 que manter as comunidades, sejam pequenas ou grandes, fi\u00e9is ao catolicismo em um ambiente budista\u201d.<\/p>\n<p style=\"text-align: justify;\">\u00a0<\/p>\n<p style=\"text-align: justify;\">Fonte: Acidigital<\/p>\n","protected":false},"excerpt":{"rendered":"<p>Passar de uma pequena localidade no centro da Espanha como \u00e9 Ciudad Real para a Tail\u00e2ndia \u00e9 uma enorme mudan\u00e7a, algo que o mission\u00e1rio espanhol Pe. Luis Miguel Avil\u00e9s conhece bem. Ele viveu naquele pa\u00eds durante 10 anos evangelizando e trabalhando pela educa\u00e7\u00e3o dos jovens, especialmente em defesa das menores que est\u00e3o em perigo de [&hellip;]<\/p>\n","protected":false},"author":1,"featured_media":16305,"comment_status":"open","ping_status":"open","sticky":false,"template":"","format":"standard","meta":{"footnotes":""},"categories":[4],"tags":[],"class_list":["post-16306","post","type-post","status-publish","format-standard","has-post-thumbnail","hentry","category-cotidiano"],"_links":{"self":[{"href":"https:\/\/catolicanet.net\/wp-cnet\/wp-json\/wp\/v2\/posts\/16306","targetHints":{"allow":["GET"]}}],"collection":[{"href":"https:\/\/catolicanet.net\/wp-cnet\/wp-json\/wp\/v2\/posts"}],"about":[{"href":"https:\/\/catolicanet.net\/wp-cnet\/wp-json\/wp\/v2\/types\/post"}],"author":[{"embeddable":true,"href":"https:\/\/catolicanet.net\/wp-cnet\/wp-json\/wp\/v2\/users\/1"}],"replies":[{"embeddable":true,"href":"https:\/\/catolicanet.net\/wp-cnet\/wp-json\/wp\/v2\/comments?post=16306"}],"version-history":[{"count":1,"href":"https:\/\/catolicanet.net\/wp-cnet\/wp-json\/wp\/v2\/posts\/16306\/revisions"}],"predecessor-version":[{"id":25572,"href":"https:\/\/catolicanet.net\/wp-cnet\/wp-json\/wp\/v2\/posts\/16306\/revisions\/25572"}],"wp:featuredmedia":[{"embeddable":true,"href":"https:\/\/catolicanet.net\/wp-cnet\/wp-json\/wp\/v2\/media\/16305"}],"wp:attachment":[{"href":"https:\/\/catolicanet.net\/wp-cnet\/wp-json\/wp\/v2\/media?parent=16306"}],"wp:term":[{"taxonomy":"category","embeddable":true,"href":"https:\/\/catolicanet.net\/wp-cnet\/wp-json\/wp\/v2\/categories?post=16306"},{"taxonomy":"post_tag","embeddable":true,"href":"https:\/\/catolicanet.net\/wp-cnet\/wp-json\/wp\/v2\/tags?post=16306"}],"curies":[{"name":"wp","href":"https:\/\/api.w.org\/{rel}","templated":true}]}}