{"id":16288,"date":"2016-07-18T13:28:53","date_gmt":"2016-07-18T16:28:53","guid":{"rendered":"http:\/\/catolicanet.net\/wp-cnet\/2016\/07\/18\/papa-francisco-deus-desfaca-todo-projeto-de-terror-e-de-morte\/"},"modified":"2017-06-02T11:53:19","modified_gmt":"2017-06-02T14:53:19","slug":"papa-francisco-deus-desfaca-todo-projeto-de-terror-e-de-morte","status":"publish","type":"post","link":"https:\/\/catolicanet.net\/wp-cnet\/papa-francisco-deus-desfaca-todo-projeto-de-terror-e-de-morte\/","title":{"rendered":"Papa Francisco: Deus desfa\u00e7a todo projeto de terror e de morte"},"content":{"rendered":"<p style=\"text-align: justify;\"><img decoding=\"async\" src=\"http:\/\/www.catolicanet.com.br\/images\/stories\/noticias\/ansa1041972_articolo.jpg\" border=\"0\" align=\"left\" \/>\u201cEst\u00e1 presente em nossos cora\u00e7\u00f5es a dor pelo massacre que, na quinta-feira passada, em Nice, ceifou tantas vidas inocentes.\u201d No Angelus deste domingo, ao meio-dia, o Papa Francisco manifestou mais uma vez, diante de milhares de fi\u00e9is e peregrinos reunidos na Pra\u00e7a S\u00e3o Pedro para a ora\u00e7\u00e3o mariana, seu pesar e proximidade a todas as pessoas\u00a0 atingidas pelo grave atentado terrorista ocorrido na cidade do sul da Fran\u00e7a, que deixou 84 mortos, entre os quais muitas crian\u00e7as.<\/p>\n<p style=\"text-align: justify;\"><a href=\"http:\/\/media02.radiovaticana.va\/audio\/audio2\/mp3\/00539746.mp3\">Clique aqui para ouvir.<\/a><\/p>\n<p style=\"text-align: justify;\">\u201cFa\u00e7o-me pr\u00f3ximo de cada fam\u00edlia e de toda a na\u00e7\u00e3o francesa em luto. Deus, Pai de bondade, acolha todas as v\u00edtimas em sua paz, auxilie os feridos e conforte os familiares; Ele desfa\u00e7a todo projeto de terror e de morte, a fim de que nunca mais nenhum homem ouse derramar o sangue do irm\u00e3o. Um abra\u00e7o paterno e fraterno a todos os habitantes de Nice e a toda a na\u00e7\u00e3o francesa.<\/p>\n<p>Em seguida, o Santo Padre convidou os presentes a rezar, primeiro em sil\u00eancio, todos juntos, uma Ave-Maria, pensando na trag\u00e9dia, nas v\u00edtimas, nos familiares.\u201d<\/p>\n<p>Na alocu\u00e7\u00e3o que precedeu a ora\u00e7\u00e3o dominical, ateve-se ao Evangelho do dia (Lc 10,38-42), que traz o not\u00e1vel epis\u00f3dio da visita de Jesus \u00e0s irm\u00e3s Maria e Marta. Ambas oferecem acolhimento ao Senhor, mas fazem-no de diferente modo, observou o Pont\u00edfice reportando a passagem evang\u00e9lica.<\/p>\n<p>Maria se assenta aos p\u00e9s de Jesus e ouve sua Palavra, ao inv\u00e9s, Marta, toda preocupada na lida da casa, a um certo ponto vai at\u00e9 Jesus e diz:<\/p>\n<p>\u201cSenhor, n\u00e3o te importas que minha irm\u00e3 me deixe s\u00f3 a servir? Dize-lhe que me ajude\u201d. E Jesus lhe responde: \u201cMarta, Marta, andas muito inquieta e te preocupas com muitas coisas; no entanto, uma s\u00f3 coisa \u00e9 necess\u00e1ria; Maria escolheu a melhor parte, que lhe n\u00e3o ser\u00e1 tirada\u201d.<\/p>\n<p>\u201cNo seu ocupar-se com os afazeres, Marta corre o riso de esquecer. E esse \u00e9 o problema: corre o risco de esquecer a coisa mais importante, ou seja, a presen\u00e7a do h\u00f3spede, que era Jesus neste caso. Esquece-se da presen\u00e7a do h\u00f3spede. E o h\u00f3spede n\u00e3o deve ser simplesmente servido, alimentado, assistido em todas suas necessidades. Sobretudo, \u00e9 preciso que seja ouvido. Recordem-se bem dessa palavra. ouvir! Porque o h\u00f3spede deve ser acolhido como pessoa, com a sua hist\u00f3ria, seu cora\u00e7\u00e3o rico de sentimentos e de pensamentos, de modo a poder sentir-se verdadeiramente em fam\u00edlia.\u201d<\/p>\n<p>A resposta que Jesus d\u00e1 a Marta \u2013 quando lhe diz que uma s\u00f3 coisa \u00e9 necess\u00e1ria \u2013 encontra seu significado pleno na refer\u00eancia \u00e0 escuta da Palavra de Jesus mesmo, aquela Palavra que ilumina e d\u00e1 sustento a tudo aquilo que somos e que fazemos, disse o Pont\u00edfice, acrescentando:<\/p>\n<p>\u201cSe n\u00f3s vamos rezar \u2013 por exemplo \u2013 diante do Crucifixo e falamos, falamos, falamos e falamos, e depois vamos embora: n\u00e3o ouvimos Jesus! N\u00e3o deixamos Ele falar ao nosso cora\u00e7\u00e3o. Ouvir: essa \u00e9 palavra-chave. N\u00e3o devemos esquecer que a Palavra de Jesus\u00a0 ilumina e d\u00e1 sustento a tudo aquilo que somos e que fazemos.\u201d<\/p>\n<p>N\u00e3o devemos esquecer \u2013 enfatizou \u2013 que tamb\u00e9m na casa de Marta e Maria, Jesus, antes de ser Senhor e Mestre, \u00e9 peregrino e h\u00f3spede. Portanto, sua resposta tem este primeiro e mais imediato significado:<\/p>\n<p>\u201cPara acolh\u00ea-lo n\u00e3o s\u00e3o necess\u00e1rias muitas coisas; ali\u00e1s, necess\u00e1ria \u00e9 uma s\u00f3 coisa: ouvi-lo \u2013 a palavra: ouvi-lo \u2013, demonstrar-lhe uma atitude fraterna, de modo que perceba estar em fam\u00edlia, e n\u00e3o numa situa\u00e7\u00e3o de acolhimento provis\u00f3rio.\u201d<\/p>\n<p>Assim entendida, acrescentou o Papa, \u201ca hospitalidade \u2013 que \u00e9 uma das obras de miseric\u00f3rdia \u2013 se mostra verdadeiramente como uma virtude humana e crist\u00e3, uma virtude que no mundo de hoje corre o risco de ser negligenciada\u201d.<\/p>\n<p>Francisco ressaltou que se multiplicam as casas de recupera\u00e7\u00e3o e os centros de abrigo, \u201cmas nem sempre nestes ambientes se pratica uma verdadeira hospitalidade. Criam-se v\u00e1rias institui\u00e7\u00f5es que contrastam muitas formas de doen\u00e7a, de solid\u00e3o, de marginaliza\u00e7\u00e3o, mas diminui a probabilidade para quem \u00e9 estrangeiro, marginalizado, exclu\u00eddo, de encontrar algu\u00e9m disposto a ouvi-lo. Porque \u00e9 estrangeiro, refugiado, migrante. Ouvir aquela dolorosa hist\u00f3ria!\u201d, frisou.<\/p>\n<p>At\u00e9 mesmo na pr\u00f3pria casa, entre os pr\u00f3prios familiares, pode verificar-se que se encontrem mais facilmente servi\u00e7os e cuidados de v\u00e1rios tipos, do que escuta e acolhimento, observou o Papa.<\/p>\n<p>Francisco afirmou que hoje estamos de tal modo absortos, com frenesi, nos muitos problemas \u2013 e alguns dos quais n\u00e3o importantes \u2013, que nos falta a capacidade de ouvir. Estamos continuamente atarefados e assim n\u00e3o temos tempo para ouvir.<\/p>\n<p>Dito isso, o Pont\u00edfice dirigiu-se aos presentes na Pra\u00e7a S\u00e3o Pedro, interpelando-os, pedindo a cada um que respondesse em seu cora\u00e7\u00e3o:<\/p>\n<p>\u201cVoc\u00ea, marido, tem tempo para ouvir sua mulher? E voc\u00ea, mulher, tem tempo para ouvir seu marido? Voc\u00eas, pais, t\u00eam tempo, tempo a perder, para ouvir seus filhos ou seus av\u00f3s, os anci\u00e3os\u201d \u2013 \u201cMas, os av\u00f3s dizem sempre as mesmas coisas, s\u00e3o mon\u00f3tonos&#8230;\u201d \u2013 \u201cMas precisam ser ouvidos!\u201d Pe\u00e7o-lhes que aprendam a ouvir e a dedicar-lhes mais tempo. Na capacidade de ouvir est\u00e1 a raiz da paz.\u201d<\/p>\n<p style=\"text-align: justify;\">\u00a0<\/p>\n<p style=\"text-align: justify;\">Fonte: R\u00e1dio Vaticano<\/p>\n","protected":false},"excerpt":{"rendered":"<p>\u201cEst\u00e1 presente em nossos cora\u00e7\u00f5es a dor pelo massacre que, na quinta-feira passada, em Nice, ceifou tantas vidas inocentes.\u201d No Angelus deste domingo, ao meio-dia, o Papa Francisco manifestou mais uma vez, diante de milhares de fi\u00e9is e peregrinos reunidos na Pra\u00e7a S\u00e3o Pedro para a ora\u00e7\u00e3o mariana, seu pesar e proximidade a todas as [&hellip;]<\/p>\n","protected":false},"author":1,"featured_media":16287,"comment_status":"open","ping_status":"open","sticky":false,"template":"","format":"standard","meta":{"footnotes":""},"categories":[3],"tags":[],"class_list":["post-16288","post","type-post","status-publish","format-standard","has-post-thumbnail","hentry","category-vaticano"],"_links":{"self":[{"href":"https:\/\/catolicanet.net\/wp-cnet\/wp-json\/wp\/v2\/posts\/16288","targetHints":{"allow":["GET"]}}],"collection":[{"href":"https:\/\/catolicanet.net\/wp-cnet\/wp-json\/wp\/v2\/posts"}],"about":[{"href":"https:\/\/catolicanet.net\/wp-cnet\/wp-json\/wp\/v2\/types\/post"}],"author":[{"embeddable":true,"href":"https:\/\/catolicanet.net\/wp-cnet\/wp-json\/wp\/v2\/users\/1"}],"replies":[{"embeddable":true,"href":"https:\/\/catolicanet.net\/wp-cnet\/wp-json\/wp\/v2\/comments?post=16288"}],"version-history":[{"count":1,"href":"https:\/\/catolicanet.net\/wp-cnet\/wp-json\/wp\/v2\/posts\/16288\/revisions"}],"predecessor-version":[{"id":28350,"href":"https:\/\/catolicanet.net\/wp-cnet\/wp-json\/wp\/v2\/posts\/16288\/revisions\/28350"}],"wp:featuredmedia":[{"embeddable":true,"href":"https:\/\/catolicanet.net\/wp-cnet\/wp-json\/wp\/v2\/media\/16287"}],"wp:attachment":[{"href":"https:\/\/catolicanet.net\/wp-cnet\/wp-json\/wp\/v2\/media?parent=16288"}],"wp:term":[{"taxonomy":"category","embeddable":true,"href":"https:\/\/catolicanet.net\/wp-cnet\/wp-json\/wp\/v2\/categories?post=16288"},{"taxonomy":"post_tag","embeddable":true,"href":"https:\/\/catolicanet.net\/wp-cnet\/wp-json\/wp\/v2\/tags?post=16288"}],"curies":[{"name":"wp","href":"https:\/\/api.w.org\/{rel}","templated":true}]}}