{"id":16272,"date":"2016-07-15T03:00:00","date_gmt":"2016-07-15T06:00:00","guid":{"rendered":"http:\/\/catolicanet.net\/wp-cnet\/2016\/07\/15\/a-verdadeira-pregacao-do-evangelho\/"},"modified":"2017-05-08T10:27:14","modified_gmt":"2017-05-08T13:27:14","slug":"a-verdadeira-pregacao-do-evangelho","status":"publish","type":"post","link":"https:\/\/catolicanet.net\/wp-cnet\/a-verdadeira-pregacao-do-evangelho\/","title":{"rendered":"A verdadeira prega\u00e7\u00e3o do evangelho"},"content":{"rendered":"<p style=\"text-align: justify;\">O c\u00e9lebre mission\u00e1rio e te\u00f3logo americano Eli Stanley Jones (1884-1973) era bem conhecido na \u00cdndia e quando teve a oportunidade de encontrar o grande pacifista, idealizador e fundador do moderno Estado indiano Mahatma Gandhi (1869-1948); ao renomado\u00a0 l\u00edder da \u00cdndia fez-lhe uma pergunta: \u201cDe que maneira o cristianismo pode causar maior impacto em seu pa\u00eds:\u201d Gandhi, muito pensativo, respondeu que seriam necess\u00e1rias tr\u00eas coisas.<br \/>Primeiro os crist\u00e3os deveriam come\u00e7ar a viver como Jesus. Segundo, a f\u00e9 crist\u00e3 deveria ser apresentada sem adultera\u00e7\u00f5es. Terceiro, os crist\u00e3os deveriam enfatizar o amor; o qual est\u00e1 na ess\u00eancia do evangelho.<br \/>Estas s\u00e1bias indica\u00e7\u00f5es s\u00e3o a chave para uma aut\u00eantica evangeliza\u00e7\u00e3o no mundo inteiro. A verdadeira prega\u00e7\u00e3o do Evangelho \u00e9 o testemunho de uma vida que revela o amor de Deus e o amor ao pr\u00f3ximo em atos concretos.<\/p>\n<p>DEUS \u2013 A EUCARISTIA \u2013 OS MIST\u00c9RIOS DE CRISTO<br \/>Por Charles de Foucauld<\/p>\n<p>As tr\u00eas maneiras de contemplar Nosso Senhor, de contemplar Deus, s\u00e3o boas e perfeitas e todas as tr\u00eas devem encontrar lugar na nossa vida. Contemplar Deus em si \u00e9 a vida interior de Nosso Senhor em todos os seus dias e em todos os seus instantes. Para imit\u00e1-Lo, \u00e9 preciso que pratiquemos muito e que, por assim dizer, nunca percamos completamente de vista deste tipo de contempla\u00e7\u00e3o&#8230;<br \/>Contemplar Nosso Senhor na Santa Eucaristia \u00e9 tamb\u00e9m um dever, porque Ele se oferece a n\u00f3s por isto, com a vontade que n\u00f3s nele O contemplemos&#8230; Mesmo contempl\u00e1-Lo nos mist\u00e9rios da sua vida \u00e9 um dever mediante escritos inspirados pelo seu Esp\u00edrito, \u00e9 para que os conhec\u00eassemos, os medit\u00e1ssemos, neles O contempl\u00e1ssemos: se veio viver entre n\u00f3s \u00e9 para que O am\u00e1ssemos, O contempl\u00e1ssemos nesta vida humana que aqui passou, Ele que a passou precisamente para, gra\u00e7as a ela, ser \u201ca nossa vida e a nossa luz\u201d, assim como, gra\u00e7as a Santa Eucaristia \u00e9 a nossa \u201cVida\u201d.<\/p>\n<p>PROVA SUPREMA DO AMOR<\/p>\n<p>Meu Senhor Jesus que disseste: \u201cNingu\u00e9m tem um amor maior de quem d\u00e1 a pr\u00f3pria vida pelos amigos\u201d. Eu desejo, de todo cora\u00e7\u00e3o, dar minha vida por Ti, pe\u00e7o-Te isto veemente. Todavia, n\u00e3o a minha vontade, mas a Tua. Ofere\u00e7o-Te minha vida; faze-me viver e morrer como melhor Te aprouver; em Ti, por meio de Ti e para Ti. Santa Virgem, S\u00e3o Jos\u00e9, Santa Madalena&#8230; ajudem-nos! Meus Deus, perdoa a meus inimigos, d\u00e1-lhes a salva\u00e7\u00e3o. Am\u00e9m.<\/p>\n<p>VIVER O EVANGELHO<\/p>\n<p>O evangelho \u00e9 preciso grit\u00e1-lo com a vida: \u201cToda a nossa vida, por mais muda que seja, a vida de Nazar\u00e9, a vida do deserto, bem como a vida p\u00fablica, devem ser uma prega\u00e7\u00e3o do Evangelho mediante o exemplo; toda a nossa exist\u00eancia, todo o nosso ser deve gritar o Evangelho sobre os telhados; toda nossa pessoa deve respirar Jesus, todos os nossos atos, toda a nossa vida, devem gritar que pertencemos a Jesus, devem apresentar a imagem da vida evang\u00e9lica, todo o nosso ser deve ser uma prega\u00e7\u00e3o viva, um reflexo de Jesus, um perfume de Jesus, algo que grite \u201cJesus\u201d, que fa\u00e7a ver Jesus, que resplande\u00e7a como imagem de Jesus&#8230;\u201d.<\/p>\n<p> CONCLUS\u00c3O<br \/>De nada adianta falar, proclamar, saber, escrever, encenar e filmar o evangelho sem ser o paradigma, prot\u00f3tipo, exemplo e sem testemunho de vida. Sem vida evang\u00e9lica tornam-se profissionais do altar, funcion\u00e1rios eclesi\u00e1sticos, manequins na prociss\u00e3o, religiosos hip\u00f3critas e escandalizadores do reino de Deus.<br \/>Sem d\u00favida, o campo religioso hoje vive uma colossal espetaculariza\u00e7\u00e3o, exibi\u00e7\u00f5es de muita fuma\u00e7a, luxuosos paramentos e muito autoritarismo. Tudo isso a m\u00eddia explora no show do sagrado, no supermercado da f\u00e9, nas passarelas das novas tend\u00eancias espiritualistas e naqueles que se apresentam tomado pela fama e holofotes mundanos. Para eles n\u00e3o basta s\u00f3 \u00e0 luz de Cristo e nem seu evangelho, ou seja, essa gente vive um outro Cristo e um outro evangelho&#8230; S\u00e3o construtores do seu pr\u00f3prio reino.<\/p>\n","protected":false},"excerpt":{"rendered":"<p>O c\u00e9lebre mission\u00e1rio e te\u00f3logo americano Eli Stanley Jones (1884-1973) era bem conhecido na \u00cdndia e quando teve a oportunidade de encontrar o grande pacifista, idealizador e fundador do moderno Estado indiano Mahatma Gandhi (1869-1948); ao renomado\u00a0 l\u00edder da \u00cdndia fez-lhe uma pergunta: \u201cDe que maneira o cristianismo pode causar maior impacto em seu pa\u00eds:\u201d [&hellip;]<\/p>\n","protected":false},"author":1,"featured_media":0,"comment_status":"open","ping_status":"open","sticky":false,"template":"","format":"standard","meta":{"footnotes":""},"categories":[9],"tags":[],"class_list":["post-16272","post","type-post","status-publish","format-standard","hentry","category-artigos"],"_links":{"self":[{"href":"https:\/\/catolicanet.net\/wp-cnet\/wp-json\/wp\/v2\/posts\/16272","targetHints":{"allow":["GET"]}}],"collection":[{"href":"https:\/\/catolicanet.net\/wp-cnet\/wp-json\/wp\/v2\/posts"}],"about":[{"href":"https:\/\/catolicanet.net\/wp-cnet\/wp-json\/wp\/v2\/types\/post"}],"author":[{"embeddable":true,"href":"https:\/\/catolicanet.net\/wp-cnet\/wp-json\/wp\/v2\/users\/1"}],"replies":[{"embeddable":true,"href":"https:\/\/catolicanet.net\/wp-cnet\/wp-json\/wp\/v2\/comments?post=16272"}],"version-history":[{"count":1,"href":"https:\/\/catolicanet.net\/wp-cnet\/wp-json\/wp\/v2\/posts\/16272\/revisions"}],"predecessor-version":[{"id":21442,"href":"https:\/\/catolicanet.net\/wp-cnet\/wp-json\/wp\/v2\/posts\/16272\/revisions\/21442"}],"wp:attachment":[{"href":"https:\/\/catolicanet.net\/wp-cnet\/wp-json\/wp\/v2\/media?parent=16272"}],"wp:term":[{"taxonomy":"category","embeddable":true,"href":"https:\/\/catolicanet.net\/wp-cnet\/wp-json\/wp\/v2\/categories?post=16272"},{"taxonomy":"post_tag","embeddable":true,"href":"https:\/\/catolicanet.net\/wp-cnet\/wp-json\/wp\/v2\/tags?post=16272"}],"curies":[{"name":"wp","href":"https:\/\/api.w.org\/{rel}","templated":true}]}}