{"id":16269,"date":"2016-07-18T12:32:33","date_gmt":"2016-07-18T15:32:33","guid":{"rendered":"http:\/\/catolicanet.net\/wp-cnet\/2016\/07\/18\/hospitalidade\/"},"modified":"2017-05-08T10:21:51","modified_gmt":"2017-05-08T13:21:51","slug":"hospitalidade","status":"publish","type":"post","link":"https:\/\/catolicanet.net\/wp-cnet\/hospitalidade\/","title":{"rendered":"Hospitalidade"},"content":{"rendered":"<p style=\"text-align: justify;\">Em consequ\u00eancia da situa\u00e7\u00e3o da sociedade nos dias de hoje, cada vez mais nossas casas se fecham. N\u00e3o s\u00f3 elas, mas tamb\u00e9m nossos bairros, cidades e na\u00e7\u00f5es. A chegada de imigrantes em busca de trabalho gera desconfian\u00e7a e inseguran\u00e7a entre os que j\u00e1 vivem no pa\u00eds. De modo geral, todo aquele que seja diferente, que se desvie do que \u00e9 rotineiro, deixa-nos inseguros e amea\u00e7ados. Por isso, e n\u00e3o por outra raz\u00e3o, \u00e9 que aumenta a viol\u00eancia. Responde-se \u00e0 viol\u00eancia com mais viol\u00eancia \u2013 embora em algum caso seja em leg\u00edtima defesa \u2013 e assim vai crescendo a espiral da desconfian\u00e7a e da viol\u00eancia.<br \/>A proposta das leituras do d\u00e9cimo sexto domingo do Tempo Comum \u00e9 bem diferente. Na linha da mensagem evang\u00e9lica do Reino de Deus, fala-nos da hospitalidade. A primeira leitura do livro do G\u00eanesis(Gn 18,1-10a) nos mostra Abra\u00e3o, o patriarca, que n\u00e3o s\u00f3 acolhe os que lhe pedem hospitalidade, mas roga \u00e0queles homens que fiquem em sua casa e participem de sua mesa. A hospitalidade, para aqueles povos, era um dever sagrado. O visitante deveria ser cercado de todo o respeito do mundo. Era como se fosse o pr\u00f3prio Deus quem os estivesse visitando. Ao texto do evangelho(Lc 10,38-42) se tem dado muitas explica\u00e7\u00f5es, mas geralmente nos esquecemos\u00a0 do mais simples: Marta e Maria receberam o Senhor em sua casa. Esse \u00e9 o ponto de partida sem o qual aquela pequena discuss\u00e3o entre Marta e Maria nunca teria acontecido.<br \/>Hoje dever\u00edamos recuperar a virtude da hospitalidade, seja dos vizinhos do andar ou do apartamento em frente, mas tamb\u00e9m dos vizinhos de outros pa\u00edses que batem \u00e0s nossas portas pedindo um trabalho que lhes garanta o p\u00e3o e o futuro a eles e a suas fam\u00edlias. Tamb\u00e9m, ante os que n\u00e3o acreditam em nossa religi\u00e3o, os que n\u00e3o pertencem a nossa ra\u00e7a e os que n\u00e3o falam nossa l\u00edngua. Todos somos irm\u00e3os e irm\u00e3s. Todos n\u00f3s pertencemos \u00e0 fam\u00edlia de Deus. A encarna\u00e7\u00e3o de Jesus converteu cada homem \u2013 e cada mulher \u2013 no melhor e mais pleno sacramento da presen\u00e7a de Deus entre n\u00f3s. Isso \u00e9 uma obra concreta de miseric\u00f3rdia, a hospitalidade generosa, neste ano santo da miseric\u00f3rdia.<br \/>Receb\u00ea-lo, compartilhar com ele ou com ela aquilo que temos significa receber ao pr\u00f3prio Deus que nos vem visitar, tornar realidade o Reino em nosso mundo, dar cumprimento \u00e0 vontade de Deus que quer que todos nos sentemos \u00e0 mesma mesa para compartilhar a vida com a qual Ele nos presenteou. Apenas a hospitalidade \u2013 a acolhida sincera e aberta, a m\u00e3o estendida \u2013 conseguir\u00e1 unir o mundo dilacerado e dividido que parece ser capaz apenas de gerar desconfian\u00e7a e viol\u00eancia.<\/p>\n","protected":false},"excerpt":{"rendered":"<p>Em consequ\u00eancia da situa\u00e7\u00e3o da sociedade nos dias de hoje, cada vez mais nossas casas se fecham. N\u00e3o s\u00f3 elas, mas tamb\u00e9m nossos bairros, cidades e na\u00e7\u00f5es. A chegada de imigrantes em busca de trabalho gera desconfian\u00e7a e inseguran\u00e7a entre os que j\u00e1 vivem no pa\u00eds. De modo geral, todo aquele que seja diferente, que [&hellip;]<\/p>\n","protected":false},"author":10,"featured_media":0,"comment_status":"open","ping_status":"open","sticky":false,"template":"","format":"standard","meta":{"footnotes":""},"categories":[9],"tags":[],"class_list":["post-16269","post","type-post","status-publish","format-standard","hentry","category-artigos"],"_links":{"self":[{"href":"https:\/\/catolicanet.net\/wp-cnet\/wp-json\/wp\/v2\/posts\/16269","targetHints":{"allow":["GET"]}}],"collection":[{"href":"https:\/\/catolicanet.net\/wp-cnet\/wp-json\/wp\/v2\/posts"}],"about":[{"href":"https:\/\/catolicanet.net\/wp-cnet\/wp-json\/wp\/v2\/types\/post"}],"author":[{"embeddable":true,"href":"https:\/\/catolicanet.net\/wp-cnet\/wp-json\/wp\/v2\/users\/10"}],"replies":[{"embeddable":true,"href":"https:\/\/catolicanet.net\/wp-cnet\/wp-json\/wp\/v2\/comments?post=16269"}],"version-history":[{"count":1,"href":"https:\/\/catolicanet.net\/wp-cnet\/wp-json\/wp\/v2\/posts\/16269\/revisions"}],"predecessor-version":[{"id":21436,"href":"https:\/\/catolicanet.net\/wp-cnet\/wp-json\/wp\/v2\/posts\/16269\/revisions\/21436"}],"wp:attachment":[{"href":"https:\/\/catolicanet.net\/wp-cnet\/wp-json\/wp\/v2\/media?parent=16269"}],"wp:term":[{"taxonomy":"category","embeddable":true,"href":"https:\/\/catolicanet.net\/wp-cnet\/wp-json\/wp\/v2\/categories?post=16269"},{"taxonomy":"post_tag","embeddable":true,"href":"https:\/\/catolicanet.net\/wp-cnet\/wp-json\/wp\/v2\/tags?post=16269"}],"curies":[{"name":"wp","href":"https:\/\/api.w.org\/{rel}","templated":true}]}}