{"id":16268,"date":"2016-07-17T03:00:00","date_gmt":"2016-07-17T06:00:00","guid":{"rendered":"http:\/\/catolicanet.net\/wp-cnet\/2016\/07\/17\/decimo-sexto-domingo-do-tempo-comum\/"},"modified":"2017-05-08T10:23:44","modified_gmt":"2017-05-08T13:23:44","slug":"decimo-sexto-domingo-do-tempo-comum","status":"publish","type":"post","link":"https:\/\/catolicanet.net\/wp-cnet\/decimo-sexto-domingo-do-tempo-comum\/","title":{"rendered":"D\u00e9cimo sexto domingo do tempo comum"},"content":{"rendered":"<p style=\"text-align: justify;\">O Evangelho deste domingo(Lc 10,38-42) est\u00e1 situado na parte central de S\u00e3o Lucas, a \u201csubida de Jesus para Jerusal\u00e9m\u201d. \u00c9 preciso, como ponto de partida, eliminar um equ\u00edvoco, isto \u00e9, a oposi\u00e7\u00e3o entre a\u00e7\u00e3o e contempla\u00e7\u00e3o. Neste caso, Jesus daria prioridade a contempla\u00e7\u00e3o sobre a a\u00e7\u00e3o.<br \/>Aqui, a quest\u00e3o \u00e9 bem outra: trata-se de receber Jesus, de receb\u00ea-lo de verdade. Foi Marta quem o recebeu: \u201c&#8230; e uma mulher, de nome Marta, o recebeu em sua casa\u201d. Da\u00ed que \u00e9 n\u00e3o s\u00f3 precipitado, mas uma m\u00e1 leitura do texto, querer desqualific\u00e1-la. Jesus aceita o convite de Marta. Ali\u00e1s, Ele espera ser convidado: \u201ceis que estou \u00e0 porta e bato: se algu\u00e9m ouvir a minha voz e abrir a porta, entrarei em sua casa e cearei com ele e ele comigo.\u201d N\u00f3s temos sempre uma porta a abrir para acolher Jesus.<br \/>A f\u00e9 em Jesus \u00e9 hospitalidade \u2013 trata-se de receb\u00ea-lo em si, em sua intimidade pessoal e familiar. E receb\u00ea-lo bem! Receber bem \u00e9 deixar o outro falar e se dispor a ouvi-lo. Escutar \u00e9 um trabalho, exige esfor\u00e7o.<br \/>Frequentemente, h\u00e1 muito barulho a nossa volta, muito barulho em n\u00f3s. Escutar algu\u00e9m exige aten\u00e7\u00e3o. Escutar distraidamente, continuando a fazer as tarefas, \u00e9 um modo de dizer \u00e0quele que fala que o que ele diz n\u00e3o tem nada de decisivo ou importante. Escutar algu\u00e9m exige, como ponto de partida, admitir que ele possa ter raz\u00e3o no que diz. Nosso relato tem um valor simb\u00f3lico. Ele responde a uma quest\u00e3o fundamental para o crist\u00e3o: o que \u00e9 ser, realmente disc\u00edpulo de Jesus? A li\u00e7\u00e3o deste epis\u00f3dio \u00e9 que ele n\u00e3o op\u00f5e duas op\u00e7\u00f5es, Ele afirma uma prioridade: escutar, receber uma palavra que se instala em n\u00f3s como um h\u00f3spede se instala em nossa casa.<br \/>O erro de Marta foi ter obstru\u00eddo esse tempo de escuta, de ter considerado que receber Jesus \u00e9 simplesmente preparar a mesa, por pequenos pratos, como \u00e9 o costume de hoje no oriente. Marta queria fazer-se apreciar.<br \/>Tal zelo acaba se transformando em tristeza, amargura, inveja; ela estima que o seu trabalho n\u00e3o seja reconhecido o bastante: \u201cSenhor, n\u00e3o te importas que minha irm\u00e3 me deixe sozinha com todo o servi\u00e7o? Manda, pois, que ela venha me ajudar!\u201d<br \/>O texto \u00e9 uma advert\u00eancia e um apelo a dar prioridade a uma palavra que precede tudo e que nos faz agir em consequ\u00eancia dela.<\/p>\n","protected":false},"excerpt":{"rendered":"<p>O Evangelho deste domingo(Lc 10,38-42) est\u00e1 situado na parte central de S\u00e3o Lucas, a \u201csubida de Jesus para Jerusal\u00e9m\u201d. \u00c9 preciso, como ponto de partida, eliminar um equ\u00edvoco, isto \u00e9, a oposi\u00e7\u00e3o entre a\u00e7\u00e3o e contempla\u00e7\u00e3o. Neste caso, Jesus daria prioridade a contempla\u00e7\u00e3o sobre a a\u00e7\u00e3o.Aqui, a quest\u00e3o \u00e9 bem outra: trata-se de receber Jesus, [&hellip;]<\/p>\n","protected":false},"author":10,"featured_media":0,"comment_status":"open","ping_status":"open","sticky":false,"template":"","format":"standard","meta":{"footnotes":""},"categories":[9],"tags":[],"class_list":["post-16268","post","type-post","status-publish","format-standard","hentry","category-artigos"],"_links":{"self":[{"href":"https:\/\/catolicanet.net\/wp-cnet\/wp-json\/wp\/v2\/posts\/16268","targetHints":{"allow":["GET"]}}],"collection":[{"href":"https:\/\/catolicanet.net\/wp-cnet\/wp-json\/wp\/v2\/posts"}],"about":[{"href":"https:\/\/catolicanet.net\/wp-cnet\/wp-json\/wp\/v2\/types\/post"}],"author":[{"embeddable":true,"href":"https:\/\/catolicanet.net\/wp-cnet\/wp-json\/wp\/v2\/users\/10"}],"replies":[{"embeddable":true,"href":"https:\/\/catolicanet.net\/wp-cnet\/wp-json\/wp\/v2\/comments?post=16268"}],"version-history":[{"count":1,"href":"https:\/\/catolicanet.net\/wp-cnet\/wp-json\/wp\/v2\/posts\/16268\/revisions"}],"predecessor-version":[{"id":21438,"href":"https:\/\/catolicanet.net\/wp-cnet\/wp-json\/wp\/v2\/posts\/16268\/revisions\/21438"}],"wp:attachment":[{"href":"https:\/\/catolicanet.net\/wp-cnet\/wp-json\/wp\/v2\/media?parent=16268"}],"wp:term":[{"taxonomy":"category","embeddable":true,"href":"https:\/\/catolicanet.net\/wp-cnet\/wp-json\/wp\/v2\/categories?post=16268"},{"taxonomy":"post_tag","embeddable":true,"href":"https:\/\/catolicanet.net\/wp-cnet\/wp-json\/wp\/v2\/tags?post=16268"}],"curies":[{"name":"wp","href":"https:\/\/api.w.org\/{rel}","templated":true}]}}