{"id":16264,"date":"2016-07-14T13:20:35","date_gmt":"2016-07-14T16:20:35","guid":{"rendered":"http:\/\/catolicanet.net\/wp-cnet\/2016\/07\/14\/vaticano-santa-se-vai-promover-conferencia-ldesporto-ao-servico-da-humanidader\/"},"modified":"2017-05-31T10:01:44","modified_gmt":"2017-05-31T13:01:44","slug":"vaticano-santa-se-vai-promover-conferencia-ldesporto-ao-servico-da-humanidader","status":"publish","type":"post","link":"https:\/\/catolicanet.net\/wp-cnet\/vaticano-santa-se-vai-promover-conferencia-ldesporto-ao-servico-da-humanidader\/","title":{"rendered":"Vaticano: Santa S\u00e9 vai promover confer\u00eancia \u00abDesporto ao Servi\u00e7o da Humanidade\u00bb"},"content":{"rendered":"<p style=\"text-align: justify;\"><img decoding=\"async\" src=\"http:\/\/www.catolicanet.com.br\/images\/stories\/noticias\/sports_humanity.jpg\" border=\"0\" align=\"left\" \/>Entre os dias 5 e 7 de outubro, com a participa\u00e7\u00e3o de mais de 150 l\u00edderes mundiais nas \u00e1reas do desporto e da religi\u00e3o<\/p>\n<p>Cidade do Vaticano, 14 jul 2016 (Ecclesia) \u2013 Mais de 150 l\u00edderes mundiais nas \u00e1reas da religi\u00e3o e do desporto v\u00e3o participar entre os dias 5 e 7 de outubro, em Roma, na confer\u00eancia \u201cDesporto ao Servi\u00e7o da Humanidade\u201d, organizada pelo Vaticano.<\/p>\n<p>De acordo com informa\u00e7\u00f5es avan\u00e7adas \u00e0 Ag\u00eancia ECCLESIA, pelo Conselho Pontif\u00edcio para a Cultura, entidade promotora do evento, \u201co objetivo \u00e9 debater de que forma \u00e9 que a f\u00e9 e o desporto podem trabalhar em conjunto para melhorar a vida das pessoas\u201d.<\/p>\n<p>A iniciativa surgiu de um desafio do Papa Francisco deixado aos membros da Associa\u00e7\u00e3o Italiana de Desporto, \u201cdeixem-se desafiar pelo jogo da vida, como fazem no jogo do desporto\u201d.<\/p>\n<p>O subsecret\u00e1rio do Conselho Pontif\u00edcio para a Cultura, padre Melchor Sanchez de Toca, destaca o facto de esta ser a primeira vez que o Vaticano promove e acolhe uma confer\u00eancia deste g\u00e9nero.<\/p>\n<p>\u201cEsta n\u00e3o ser\u00e1 no entanto uma iniciativa isolada. A ideia \u00e9 gerar sinergias entre todos os agentes, independentemente da sua f\u00e9, cultura e proveni\u00eancia\u201d, apontou.<\/p>\n<p>Entre 5 e 7 de outubro, em Roma, a confer\u00eancia \u201cDesporto ao Servi\u00e7o da Humanidade\u201d vai contar, entre outros respons\u00e1veis, com a presen\u00e7a do secret\u00e1rio-geral das Na\u00e7\u00f5es Unidas, Ban Ki-moon; e do presidente do Comit\u00e9 Ol\u00edmpico Internacional, Thomas Bach.<\/p>\n<p style=\"text-align: justify;\">\u00a0<\/p>\n<p style=\"text-align: justify;\">Fonte: Ag\u00eancia Ecclesia<\/p>\n","protected":false},"excerpt":{"rendered":"<p>Entre os dias 5 e 7 de outubro, com a participa\u00e7\u00e3o de mais de 150 l\u00edderes mundiais nas \u00e1reas do desporto e da religi\u00e3o Cidade do Vaticano, 14 jul 2016 (Ecclesia) \u2013 Mais de 150 l\u00edderes mundiais nas \u00e1reas da religi\u00e3o e do desporto v\u00e3o participar entre os dias 5 e 7 de outubro, em [&hellip;]<\/p>\n","protected":false},"author":1,"featured_media":16263,"comment_status":"open","ping_status":"open","sticky":false,"template":"","format":"standard","meta":{"footnotes":""},"categories":[4],"tags":[],"class_list":["post-16264","post","type-post","status-publish","format-standard","has-post-thumbnail","hentry","category-cotidiano"],"_links":{"self":[{"href":"https:\/\/catolicanet.net\/wp-cnet\/wp-json\/wp\/v2\/posts\/16264","targetHints":{"allow":["GET"]}}],"collection":[{"href":"https:\/\/catolicanet.net\/wp-cnet\/wp-json\/wp\/v2\/posts"}],"about":[{"href":"https:\/\/catolicanet.net\/wp-cnet\/wp-json\/wp\/v2\/types\/post"}],"author":[{"embeddable":true,"href":"https:\/\/catolicanet.net\/wp-cnet\/wp-json\/wp\/v2\/users\/1"}],"replies":[{"embeddable":true,"href":"https:\/\/catolicanet.net\/wp-cnet\/wp-json\/wp\/v2\/comments?post=16264"}],"version-history":[{"count":1,"href":"https:\/\/catolicanet.net\/wp-cnet\/wp-json\/wp\/v2\/posts\/16264\/revisions"}],"predecessor-version":[{"id":25573,"href":"https:\/\/catolicanet.net\/wp-cnet\/wp-json\/wp\/v2\/posts\/16264\/revisions\/25573"}],"wp:featuredmedia":[{"embeddable":true,"href":"https:\/\/catolicanet.net\/wp-cnet\/wp-json\/wp\/v2\/media\/16263"}],"wp:attachment":[{"href":"https:\/\/catolicanet.net\/wp-cnet\/wp-json\/wp\/v2\/media?parent=16264"}],"wp:term":[{"taxonomy":"category","embeddable":true,"href":"https:\/\/catolicanet.net\/wp-cnet\/wp-json\/wp\/v2\/categories?post=16264"},{"taxonomy":"post_tag","embeddable":true,"href":"https:\/\/catolicanet.net\/wp-cnet\/wp-json\/wp\/v2\/tags?post=16264"}],"curies":[{"name":"wp","href":"https:\/\/api.w.org\/{rel}","templated":true}]}}