{"id":16246,"date":"2016-07-14T12:19:56","date_gmt":"2016-07-14T15:19:56","guid":{"rendered":"http:\/\/catolicanet.net\/wp-cnet\/2016\/07\/14\/pastoral-carceraria-explica-saida-do-comite-de-prevencao-a-tortura\/"},"modified":"2017-06-02T13:54:05","modified_gmt":"2017-06-02T16:54:05","slug":"pastoral-carceraria-explica-saida-do-comite-de-prevencao-a-tortura","status":"publish","type":"post","link":"https:\/\/catolicanet.net\/wp-cnet\/pastoral-carceraria-explica-saida-do-comite-de-prevencao-a-tortura\/","title":{"rendered":"Pastoral Carcer\u00e1ria explica sa\u00edda do Comit\u00ea de Preven\u00e7\u00e3o \u00e0 Tortura"},"content":{"rendered":"<p style=\"text-align: justify;\"><img decoding=\"async\" src=\"http:\/\/www.catolicanet.com.br\/images\/stories\/noticias\/other936368_articolo.jpg\" border=\"0\" align=\"left\" \/>A Pastoral Carcer\u00e1ria anunciou que deixar\u00e1 de integrar o Comit\u00ea Nacional de Preven\u00e7\u00e3o e Combate \u00e0 Tortura ao final do atual mandato, que se encerra este m\u00eas.<\/p>\n<p>Em nota p\u00fablica, a Pastoral recorda que o Comit\u00ea foi idealizado como um instrumento inovador, mas \u201crapidamente caiu na vala comum das pol\u00edticas fict\u00edcias de \u2018participa\u00e7\u00e3o popular\u2019 na administra\u00e7\u00e3o p\u00fablica, que nos \u00faltimos anos deu luz a um cem n\u00famero de conselhos, colegiados e confer\u00eancias, que continuamente reduzidos em escopo, poder decis\u00f3rio, autonomia, prerrogativas de atua\u00e7\u00e3o e estrutura de trabalho, tornaram-se pouco mais do que palcos de disputas de vaidades e discursos inflamados, onde os mesmos atores parecem se revezar (ou sequer se revezam) no exerc\u00edcio de um pequeno poder, com pouco ou nenhum significado para a luta concreta dos exclu\u00eddos\u201d.<\/p>\n<p>Todavia, a Pastoral Carcer\u00e1ria garante que continuar\u00e1 atenta, \u201cfiscalizando e colaborando com as atividades do Comit\u00ea e do Mecanismo sempre que entendermos haver espa\u00e7o para algum avan\u00e7o, mas certos de que a melhor contribui\u00e7\u00e3o que podemos dar na atual conjuntura \u00e9 estar junto com o povo preso, seus familiares e os milhares de agentes da Pastoral Carcer\u00e1ria espalhados pelo Brasil\u201d.<\/p>\n<p>Ou\u00e7a aqui a motiva\u00e7\u00e3o para a sa\u00edda da Pastoral Carcer\u00e1ria do Comit\u00ea Nacional de Preven\u00e7\u00e3o e Combate \u00e0 Tortura:<\/p>\n<p style=\"text-align: justify;\"><a href=\"http:\/\/media02.radiovaticana.va\/audio\/audio2\/mp3\/00539197.mp3\">Clique aqui e ou\u00e7a.<\/a><\/p>\n<p style=\"text-align: justify;\">Fonte: R\u00e1dio Vaticano<\/p>\n","protected":false},"excerpt":{"rendered":"<p>A Pastoral Carcer\u00e1ria anunciou que deixar\u00e1 de integrar o Comit\u00ea Nacional de Preven\u00e7\u00e3o e Combate \u00e0 Tortura ao final do atual mandato, que se encerra este m\u00eas. Em nota p\u00fablica, a Pastoral recorda que o Comit\u00ea foi idealizado como um instrumento inovador, mas \u201crapidamente caiu na vala comum das pol\u00edticas fict\u00edcias de \u2018participa\u00e7\u00e3o popular\u2019 na [&hellip;]<\/p>\n","protected":false},"author":1,"featured_media":16245,"comment_status":"open","ping_status":"open","sticky":false,"template":"","format":"standard","meta":{"footnotes":""},"categories":[3],"tags":[],"class_list":["post-16246","post","type-post","status-publish","format-standard","has-post-thumbnail","hentry","category-vaticano"],"_links":{"self":[{"href":"https:\/\/catolicanet.net\/wp-cnet\/wp-json\/wp\/v2\/posts\/16246","targetHints":{"allow":["GET"]}}],"collection":[{"href":"https:\/\/catolicanet.net\/wp-cnet\/wp-json\/wp\/v2\/posts"}],"about":[{"href":"https:\/\/catolicanet.net\/wp-cnet\/wp-json\/wp\/v2\/types\/post"}],"author":[{"embeddable":true,"href":"https:\/\/catolicanet.net\/wp-cnet\/wp-json\/wp\/v2\/users\/1"}],"replies":[{"embeddable":true,"href":"https:\/\/catolicanet.net\/wp-cnet\/wp-json\/wp\/v2\/comments?post=16246"}],"version-history":[{"count":1,"href":"https:\/\/catolicanet.net\/wp-cnet\/wp-json\/wp\/v2\/posts\/16246\/revisions"}],"predecessor-version":[{"id":28533,"href":"https:\/\/catolicanet.net\/wp-cnet\/wp-json\/wp\/v2\/posts\/16246\/revisions\/28533"}],"wp:featuredmedia":[{"embeddable":true,"href":"https:\/\/catolicanet.net\/wp-cnet\/wp-json\/wp\/v2\/media\/16245"}],"wp:attachment":[{"href":"https:\/\/catolicanet.net\/wp-cnet\/wp-json\/wp\/v2\/media?parent=16246"}],"wp:term":[{"taxonomy":"category","embeddable":true,"href":"https:\/\/catolicanet.net\/wp-cnet\/wp-json\/wp\/v2\/categories?post=16246"},{"taxonomy":"post_tag","embeddable":true,"href":"https:\/\/catolicanet.net\/wp-cnet\/wp-json\/wp\/v2\/tags?post=16246"}],"curies":[{"name":"wp","href":"https:\/\/api.w.org\/{rel}","templated":true}]}}