{"id":16242,"date":"2016-07-14T12:07:45","date_gmt":"2016-07-14T15:07:45","guid":{"rendered":"http:\/\/catolicanet.net\/wp-cnet\/2016\/07\/14\/reabre-carcere-mamertino-recuperar-a-memoria-de-pedro\/"},"modified":"2017-06-02T14:01:16","modified_gmt":"2017-06-02T17:01:16","slug":"reabre-carcere-mamertino-recuperar-a-memoria-de-pedro","status":"publish","type":"post","link":"https:\/\/catolicanet.net\/wp-cnet\/reabre-carcere-mamertino-recuperar-a-memoria-de-pedro\/","title":{"rendered":"Reabre C\u00e1rcere Mamertino: recuperar a mem\u00f3ria de Pedro"},"content":{"rendered":"<p style=\"text-align: justify;\"><img decoding=\"async\" src=\"http:\/\/www.catolicanet.com.br\/images\/stories\/noticias\/ansa1040543.jpg\" border=\"0\" align=\"left\" \/>Foi reaberto na noite desta quarta-feira (13\/07), o C\u00e1rcere Mamertino, onde foi preso S\u00e3o Pedro. A abertura de um dos mais importantes e antigos s\u00edtios arqueol\u00f3gicos de Roma, com vista para o belo cen\u00e1rio do F\u00f3rum Romano, ocorreu na conclus\u00e3o dos trabalhos de escava\u00e7\u00f5es arqueol\u00f3gicas e de remodela\u00e7\u00e3o promovidos pela Opera Romana Peregrina\u00e7\u00f5es. Sobre a autenticidade deste local, a R\u00e1dio Vaticano ouviu o Vice-presidente do organismo, Mons. Liberio Andreatta:<\/p>\n<p>R. &#8211; A tradi\u00e7\u00e3o considera como uma coisa certa, e n\u00e3o apenas atrav\u00e9s dos escritos que herdamos e dos testemunhos, mas tamb\u00e9m atrav\u00e9s de toda a iconografia e de todas as imagens que encontramos escavando dentro do C\u00e1rcere: desde o in\u00edcio dos primeiros s\u00e9culos da Igreja, a comunidade crist\u00e3 venerou este lugar. Portanto, deduzimos que quase certamente este foi o C\u00e1rcere onde Pedro foi preso, onde converteu e batizou seus dois carcereiros.<\/p>\n<p>P. Mons Andreatta, chegamos \u00e0 reabertura do C\u00e1rcere Mamertino ap\u00f3s uma campanha de escava\u00e7\u00f5es conduzida pela Opera Romana Peregrina\u00e7\u00f5es\u2026<\/p>\n<p>R. &#8211; Sim. N\u00f3s assumimos o compromisso de recuperar e trazer \u00e0 luz o que foi, at\u00e9 mesmo, o antigo Tullianum. Pense que o Tullianum remonta ao VII s\u00e9culo a.C.: \u00e9 um lugar aos p\u00e9s do Rochedo Tarpea;. \u00e9 um lugar sagrado, porque tinha a presen\u00e7a de \u00e1gua; \u00e9 um lugar que &#8211; depois \u2013 com o passar dos s\u00e9culos tornou-se uma pris\u00e3o de m\u00e1xima seguran\u00e7a, onde eram colocados e abandonados os verdadeiros inimigos do Imp\u00e9rio. Os romanos n\u00e3o gostam de fazer m\u00e1rtires, por isso os grandes inimigos do Imp\u00e9rio n\u00e3o eram mortos \u2013 para n\u00e3o para criar, precisamente, m\u00e1rtires &#8211; mas eram colocados no esquecimento. Havia esse grande buraco, enorme, profundo &#8211; que n\u00f3s, atrav\u00e9s de escava\u00e7\u00f5es, encontramos &#8211; com um pequeno buraco aberto encima: ali eles eram jogados dentro e abandonados, como se tivessem\u00a0 que desaparecer.<\/p>\n<p>Em seguida, por causa da piedade popular, foi constru\u00edda uma igreja dedicada aos Santos Pedro e Paulo, que depois foi demolida\u2026 e ali foi criado outro local de culto &#8230; Hoje existem quatro camadas: a igreja do s\u00e9culo XVII, a parte superior de S\u00e3o Jos\u00e9 dos Carpinteiros, constru\u00edda pela Irmandade de S\u00e3o Jos\u00e9 dos Carpinteiros; depois, sob o piso, no centro, h\u00e1 o Santu\u00e1rio do Crucifixo &#8211; uma bela capela do Crucifixo &#8211; desejada em 1800 pelo Papa Pio IX, com uma bela imagem do tempo que recorda quando ele fez levar para dentro de um Crucifixo antigo; e depois, o chamado C\u00e1rcere, que recorda com o altar e a coluna, a pris\u00e3o de Pedro; e mais embaixo ainda o Tullianum. Portanto, s\u00e3o quatro camadas. Assim, criamos um belo e extraordin\u00e1rio museu multim\u00eddia, onde expusemos todos os esqueletos, medalhas, imagens&#8230; Basta pensar &#8211; por exemplo &#8211; nas medalhas dos Jubileus que foram encontradas: portanto a tradi\u00e7\u00e3o nos d\u00e1 a certeza do devo\u00e7\u00e3o a Pedro. H\u00e1 afrescos de Jesus que p\u00f5e a m\u00e3o no ombro de Pedro para tranquiliz\u00e1-lo. Mas, acima de tudo, descobriu-se algo extraordin\u00e1rio: Nossa Senhora da Miseric\u00f3rdia, que remonta ao in\u00edcio do s\u00e9culo XIV, portanto, entre os s\u00e9culos XII e XIII, que \u00e9 a \u00fanica Nossa Senhora da Miseric\u00f3rdia conservada em Roma.<\/p>\n<p style=\"text-align: justify;\">\u00a0<\/p>\n<p style=\"text-align: justify;\">Fonte: R\u00e1dio Vaticano<\/p>\n","protected":false},"excerpt":{"rendered":"<p>Foi reaberto na noite desta quarta-feira (13\/07), o C\u00e1rcere Mamertino, onde foi preso S\u00e3o Pedro. A abertura de um dos mais importantes e antigos s\u00edtios arqueol\u00f3gicos de Roma, com vista para o belo cen\u00e1rio do F\u00f3rum Romano, ocorreu na conclus\u00e3o dos trabalhos de escava\u00e7\u00f5es arqueol\u00f3gicas e de remodela\u00e7\u00e3o promovidos pela Opera Romana Peregrina\u00e7\u00f5es. Sobre a [&hellip;]<\/p>\n","protected":false},"author":1,"featured_media":16241,"comment_status":"open","ping_status":"open","sticky":false,"template":"","format":"standard","meta":{"footnotes":""},"categories":[3],"tags":[],"class_list":["post-16242","post","type-post","status-publish","format-standard","has-post-thumbnail","hentry","category-vaticano"],"_links":{"self":[{"href":"https:\/\/catolicanet.net\/wp-cnet\/wp-json\/wp\/v2\/posts\/16242","targetHints":{"allow":["GET"]}}],"collection":[{"href":"https:\/\/catolicanet.net\/wp-cnet\/wp-json\/wp\/v2\/posts"}],"about":[{"href":"https:\/\/catolicanet.net\/wp-cnet\/wp-json\/wp\/v2\/types\/post"}],"author":[{"embeddable":true,"href":"https:\/\/catolicanet.net\/wp-cnet\/wp-json\/wp\/v2\/users\/1"}],"replies":[{"embeddable":true,"href":"https:\/\/catolicanet.net\/wp-cnet\/wp-json\/wp\/v2\/comments?post=16242"}],"version-history":[{"count":1,"href":"https:\/\/catolicanet.net\/wp-cnet\/wp-json\/wp\/v2\/posts\/16242\/revisions"}],"predecessor-version":[{"id":28594,"href":"https:\/\/catolicanet.net\/wp-cnet\/wp-json\/wp\/v2\/posts\/16242\/revisions\/28594"}],"wp:featuredmedia":[{"embeddable":true,"href":"https:\/\/catolicanet.net\/wp-cnet\/wp-json\/wp\/v2\/media\/16241"}],"wp:attachment":[{"href":"https:\/\/catolicanet.net\/wp-cnet\/wp-json\/wp\/v2\/media?parent=16242"}],"wp:term":[{"taxonomy":"category","embeddable":true,"href":"https:\/\/catolicanet.net\/wp-cnet\/wp-json\/wp\/v2\/categories?post=16242"},{"taxonomy":"post_tag","embeddable":true,"href":"https:\/\/catolicanet.net\/wp-cnet\/wp-json\/wp\/v2\/tags?post=16242"}],"curies":[{"name":"wp","href":"https:\/\/api.w.org\/{rel}","templated":true}]}}