{"id":16236,"date":"2016-07-14T11:37:01","date_gmt":"2016-07-14T14:37:01","guid":{"rendered":"http:\/\/catolicanet.net\/wp-cnet\/2016\/07\/14\/formacao-presbiteral-para-uma-igreja-em-saida-e-tema-de-congresso-de-seminaristas-do-sul-1\/"},"modified":"2017-05-26T15:36:38","modified_gmt":"2017-05-26T18:36:38","slug":"formacao-presbiteral-para-uma-igreja-em-saida-e-tema-de-congresso-de-seminaristas-do-sul-1","status":"publish","type":"post","link":"https:\/\/catolicanet.net\/wp-cnet\/formacao-presbiteral-para-uma-igreja-em-saida-e-tema-de-congresso-de-seminaristas-do-sul-1\/","title":{"rendered":"Forma\u00e7\u00e3o Presbiteral para uma Igreja em sa\u00edda \u00e9 tema de Congresso de Seminaristas do Sul 1"},"content":{"rendered":"<p style=\"text-align: justify;\"><img decoding=\"async\" src=\"http:\/\/www.catolicanet.com.br\/images\/stories\/noticias\/seminaristas_interna.jpg\" border=\"0\" align=\"left\" \/>Pr\u00f3ximo encontro acontecer\u00e1 em 2017<\/p>\n<p>Promovido pelo Conselho Mission\u00e1rio de Seminaristas (Comise) e motivado pelo tema \u201cForma\u00e7\u00e3o presbiteral para uma Igreja em sa\u00edda\u201d, o 2\u00ba Congresso Mission\u00e1rio Estadual de Seminaristas do regional Sul 1 da CNBB ocorreu em Guarulhos (SP), de 29 de junho a 3 de julho. <\/p>\n<p>O Congresso, que reuniu 115 seminaristas de 28 estados, teve como objetivo fomentar a consci\u00eancia mission\u00e1ria nos semin\u00e1rios e casas de forma\u00e7\u00e3o. Na ocasi\u00e3o, foram abordadas as cinco dimens\u00f5es formativas dos presb\u00edteros. A programa\u00e7\u00e3o incluiu ainda visitas mission\u00e1rias \u00e0s fam\u00edlias das par\u00f3quias Nossa Senhora do Bonsucesso e Nossa Senhora Aparecida, em Guarulhos.<\/p>\n<p>De acordo com o presidente da Comiss\u00e3o Episcopal Pastoral para a A\u00e7\u00e3o Mission\u00e1ria e Coopera\u00e7\u00e3o Intereclesial da CNBB, dom Esmeraldo Barreto de Farias, o esp\u00edrito mission\u00e1rio do Congresso marca a vida da Igreja. Para ele, \u201cno movimento de ir ao encontro dos que sofrem e s\u00e3o exclu\u00eddos, o mission\u00e1rio \u00e9 aquele que apresenta a pessoa de Jesus\u201d, explica.<\/p>\n<p>De acordo com um dos organizadores do evento, o seminarista Erickson Ramos da Silva, da diocese de Jundia\u00ed (SP), a iniciativa congregou os seminaristas para uma Igreja em constante sa\u00edda. \u201cReunir e juntar para depois enviar\u201d, destacou.<br \/>Elei\u00e7\u00e3o<\/p>\n<p>Ainda na ocasi\u00e3o, foi escolhida a nova coordena\u00e7\u00e3o do Conselho Mission\u00e1rio de Seminaristas do regional Sul 1, constitu\u00edda por: Thiago Henrique da Silva Guimar\u00e3es de Freitas (arquidiocese de Aparecida); \u00cdtalo S\u00e1 de Souza (diocese de Guarulhos); Armando Nochetti (diocese de Presidente Prudente); Alcides Pizeta (arquidiocese de Ribeir\u00e3o Preto); Maykom Sammuel Alves Florencio (arquidiocese de S\u00e3o Paulo); F\u00e1bio Ribeiro Donizetti (diocese de Lins); Danilo Cordeiro Silva (diocese de Mar\u00edlia) e Raphael Felipe Silva (arquidiocese de Aparecida). Representando os religiosos, o salesiano Jos\u00e9 Ivanildo de Oliveira Melo foi escolhido. O padre Hechilly de Brito Tim\u00f3teo, da diocese de Guarulhos, foi eleito para o cargo de assessor do Comise. <\/p>\n<p>O pr\u00f3ximo Congresso Mission\u00e1rio Estadual de Seminaristas do regional Sul 1 acontecer\u00e1 de 30 de junho a 4 de julho de 2017, no Santu\u00e1rio Nacional de Aparecida (SP).<\/p>\n<p>Confira a carta compromisso publicada pelos seminaristas ap\u00f3s o evento.<br \/>Com informa\u00e7\u00f5es e foto do regional Sul 1<\/p>\n<p><\/p>\n<p style=\"text-align: justify;\">Fonte: CNBB<\/p>\n","protected":false},"excerpt":{"rendered":"<p>Pr\u00f3ximo encontro acontecer\u00e1 em 2017 Promovido pelo Conselho Mission\u00e1rio de Seminaristas (Comise) e motivado pelo tema \u201cForma\u00e7\u00e3o presbiteral para uma Igreja em sa\u00edda\u201d, o 2\u00ba Congresso Mission\u00e1rio Estadual de Seminaristas do regional Sul 1 da CNBB ocorreu em Guarulhos (SP), de 29 de junho a 3 de julho. O Congresso, que reuniu 115 seminaristas de [&hellip;]<\/p>\n","protected":false},"author":1,"featured_media":16235,"comment_status":"open","ping_status":"open","sticky":false,"template":"","format":"standard","meta":{"footnotes":""},"categories":[7],"tags":[],"class_list":["post-16236","post","type-post","status-publish","format-standard","has-post-thumbnail","hentry","category-cnbb"],"_links":{"self":[{"href":"https:\/\/catolicanet.net\/wp-cnet\/wp-json\/wp\/v2\/posts\/16236","targetHints":{"allow":["GET"]}}],"collection":[{"href":"https:\/\/catolicanet.net\/wp-cnet\/wp-json\/wp\/v2\/posts"}],"about":[{"href":"https:\/\/catolicanet.net\/wp-cnet\/wp-json\/wp\/v2\/types\/post"}],"author":[{"embeddable":true,"href":"https:\/\/catolicanet.net\/wp-cnet\/wp-json\/wp\/v2\/users\/1"}],"replies":[{"embeddable":true,"href":"https:\/\/catolicanet.net\/wp-cnet\/wp-json\/wp\/v2\/comments?post=16236"}],"version-history":[{"count":1,"href":"https:\/\/catolicanet.net\/wp-cnet\/wp-json\/wp\/v2\/posts\/16236\/revisions"}],"predecessor-version":[{"id":23563,"href":"https:\/\/catolicanet.net\/wp-cnet\/wp-json\/wp\/v2\/posts\/16236\/revisions\/23563"}],"wp:featuredmedia":[{"embeddable":true,"href":"https:\/\/catolicanet.net\/wp-cnet\/wp-json\/wp\/v2\/media\/16235"}],"wp:attachment":[{"href":"https:\/\/catolicanet.net\/wp-cnet\/wp-json\/wp\/v2\/media?parent=16236"}],"wp:term":[{"taxonomy":"category","embeddable":true,"href":"https:\/\/catolicanet.net\/wp-cnet\/wp-json\/wp\/v2\/categories?post=16236"},{"taxonomy":"post_tag","embeddable":true,"href":"https:\/\/catolicanet.net\/wp-cnet\/wp-json\/wp\/v2\/tags?post=16236"}],"curies":[{"name":"wp","href":"https:\/\/api.w.org\/{rel}","templated":true}]}}