{"id":16201,"date":"2016-07-13T13:10:37","date_gmt":"2016-07-13T16:10:37","guid":{"rendered":"http:\/\/catolicanet.net\/wp-cnet\/2016\/07\/13\/pesar-do-papa-por-vitimas-de-acidente-ferroviario-no-sul-da-italia\/"},"modified":"2017-06-02T13:56:09","modified_gmt":"2017-06-02T16:56:09","slug":"pesar-do-papa-por-vitimas-de-acidente-ferroviario-no-sul-da-italia","status":"publish","type":"post","link":"https:\/\/catolicanet.net\/wp-cnet\/pesar-do-papa-por-vitimas-de-acidente-ferroviario-no-sul-da-italia\/","title":{"rendered":"Pesar do Papa por v\u00edtimas de acidente ferrovi\u00e1rio no sul da It\u00e1lia"},"content":{"rendered":"<p style=\"text-align: justify;\"><img decoding=\"async\" src=\"http:\/\/www.catolicanet.com.br\/images\/stories\/noticias\/reuters1549610_articolo.jpg\" border=\"0\" align=\"left\" \/>O Santo Padre expressa num telegrama assinado pelo Cardeal Secret\u00e1rio de Estado, Pietro Parolin, seu pesar pelas v\u00edtimas do tr\u00e1gico acidente ferrovi\u00e1rio verificado esta ter\u00e7a-feira (12\/07) na linha Corato-Andria, prov\u00edncia de Bari, sul da It\u00e1lia, no qual ao menos 23 pessoas perderam a vida e mais de 50 ficaram feridas.<\/p>\n<p>Informado acerca do grave acidente ferrovi\u00e1rio, o \u201cPapa Francisco expressa sua sentida e cordial participa\u00e7\u00e3o na dor que atinge tantas fam\u00edlias\u201d, l\u00ea-se no telegrama, no qual o Pont\u00edfice assegura f\u00e9rvidas ora\u00e7\u00f5es de sufr\u00e1gio pelos que morreram tragicamente e, \u201cao tempo em que invoca ao Senhor para os feridos uma pronta recupera\u00e7\u00e3o, confia \u00e0 Materna prote\u00e7\u00e3o da Virgem Maria os atingidos pelo dram\u00e1tico luto e envia sua confortadora B\u00ean\u00e7\u00e3o apost\u00f3lica\u201d.<\/p>\n<p>O presidente italiano, Sergio Mattarella, referiu-se ao acidente ferrovi\u00e1rio chamando-o de \u201cuma trag\u00e9dia inadmiss\u00edvel\u201d. O Ministro das Infraestruturas e Transportes italiano, Graziano Delrio, anunciou a cria\u00e7\u00e3o de uma comiss\u00e3o de investiga\u00e7\u00e3o.<\/p>\n<p style=\"text-align: justify;\">\u00a0<\/p>\n<p style=\"text-align: justify;\">Fonte: R\u00e1dio Vaticano<\/p>\n","protected":false},"excerpt":{"rendered":"<p>O Santo Padre expressa num telegrama assinado pelo Cardeal Secret\u00e1rio de Estado, Pietro Parolin, seu pesar pelas v\u00edtimas do tr\u00e1gico acidente ferrovi\u00e1rio verificado esta ter\u00e7a-feira (12\/07) na linha Corato-Andria, prov\u00edncia de Bari, sul da It\u00e1lia, no qual ao menos 23 pessoas perderam a vida e mais de 50 ficaram feridas. Informado acerca do grave acidente [&hellip;]<\/p>\n","protected":false},"author":1,"featured_media":16200,"comment_status":"open","ping_status":"open","sticky":false,"template":"","format":"standard","meta":{"footnotes":""},"categories":[3],"tags":[],"class_list":["post-16201","post","type-post","status-publish","format-standard","has-post-thumbnail","hentry","category-vaticano"],"_links":{"self":[{"href":"https:\/\/catolicanet.net\/wp-cnet\/wp-json\/wp\/v2\/posts\/16201","targetHints":{"allow":["GET"]}}],"collection":[{"href":"https:\/\/catolicanet.net\/wp-cnet\/wp-json\/wp\/v2\/posts"}],"about":[{"href":"https:\/\/catolicanet.net\/wp-cnet\/wp-json\/wp\/v2\/types\/post"}],"author":[{"embeddable":true,"href":"https:\/\/catolicanet.net\/wp-cnet\/wp-json\/wp\/v2\/users\/1"}],"replies":[{"embeddable":true,"href":"https:\/\/catolicanet.net\/wp-cnet\/wp-json\/wp\/v2\/comments?post=16201"}],"version-history":[{"count":1,"href":"https:\/\/catolicanet.net\/wp-cnet\/wp-json\/wp\/v2\/posts\/16201\/revisions"}],"predecessor-version":[{"id":28556,"href":"https:\/\/catolicanet.net\/wp-cnet\/wp-json\/wp\/v2\/posts\/16201\/revisions\/28556"}],"wp:featuredmedia":[{"embeddable":true,"href":"https:\/\/catolicanet.net\/wp-cnet\/wp-json\/wp\/v2\/media\/16200"}],"wp:attachment":[{"href":"https:\/\/catolicanet.net\/wp-cnet\/wp-json\/wp\/v2\/media?parent=16201"}],"wp:term":[{"taxonomy":"category","embeddable":true,"href":"https:\/\/catolicanet.net\/wp-cnet\/wp-json\/wp\/v2\/categories?post=16201"},{"taxonomy":"post_tag","embeddable":true,"href":"https:\/\/catolicanet.net\/wp-cnet\/wp-json\/wp\/v2\/tags?post=16201"}],"curies":[{"name":"wp","href":"https:\/\/api.w.org\/{rel}","templated":true}]}}