{"id":16195,"date":"2016-07-13T12:56:08","date_gmt":"2016-07-13T15:56:08","guid":{"rendered":"http:\/\/catolicanet.net\/wp-cnet\/2016\/07\/13\/santuario-de-nossa-senhora-da-piedade-recebera-45o-peregrinacao-dos-vicentinos\/"},"modified":"2017-05-26T15:38:35","modified_gmt":"2017-05-26T18:38:35","slug":"santuario-de-nossa-senhora-da-piedade-recebera-45o-peregrinacao-dos-vicentinos","status":"publish","type":"post","link":"https:\/\/catolicanet.net\/wp-cnet\/santuario-de-nossa-senhora-da-piedade-recebera-45o-peregrinacao-dos-vicentinos\/","title":{"rendered":"Santu\u00e1rio de Nossa Senhora da Piedade receber\u00e1 45\u00aa Peregrina\u00e7\u00e3o dos Vicentinos"},"content":{"rendered":"<p style=\"text-align: justify;\"><img decoding=\"async\" src=\"http:\/\/www.catolicanet.com.br\/images\/stories\/noticias\/banner_romaria.jpg\" border=\"0\" align=\"left\" \/>Dom Walmor Oliveira celebrar\u00e1 missa<\/p>\n<p>A Sociedade de S\u00e3o Vicente de Paulo, por meio do Conselho Metropolitano de Belo Horizonte (MG), promover\u00e1 a 45\u00aa Romaria Vicentina ao Santu\u00e1rio de Nossa Senhora da Piedade, em Caet\u00e9 (MG). Realizada desde 1971, este ano, a peregrina\u00e7\u00e3o acontece em uma data especial &#8211; no mesmo dia em que \u00e9 comemorada a proclama\u00e7\u00e3o oficial de Nossa Senhora da Piedade como padroeira de Minas Gerais, 31 de julho.\u00a0 <\/p>\n<p>Na programa\u00e7\u00e3o do evento constam acolhida, via sacra encenada, celebra\u00e7\u00e3o eucar\u00edstica presidida pelo arcebispo de Belo Horizonte, dom Walmor Oliveira de Azevedo, shows com apresenta\u00e7\u00f5es de m\u00fasicas e dan\u00e7as. <\/p>\n<p>Romaria Vicentina<\/p>\n<p>H\u00e1 45 anos, o Conselho Metropolitano de Belo Horizonte realiza, anualmente, a Romaria Vicentina ao Santu\u00e1rio Estadual Nossa Senhora da Piedade. A peregrina\u00e7\u00e3o acontece no alto da Serra da Piedade, sempre no m\u00eas de julho, reunindo milhares de fi\u00e9is que sobem o monte movidos pela f\u00e9.<\/p>\n<p>&#8220;A peregrina\u00e7\u00e3o dos Vicentinos ao Santu\u00e1rio da padroeira de Minas Gerais \u00e9 uma tradi\u00e7\u00e3o com for\u00e7a para fazer crescer nos cora\u00e7\u00f5es a devo\u00e7\u00e3o \u00e0 M\u00e3e de Deus, Maria, Senhora da Piedade&#8221;, afirma o arcebispo de Belo Horizonte, dom Walmor Oliveira de Azevedo.<br \/> Com informa\u00e7\u00f5es e foto do Conselho Metropolitano de Belo Horizonte<\/p>\n<p style=\"text-align: justify;\">\u00a0<\/p>\n<p style=\"text-align: justify;\">Fonte: CNBB<\/p>\n","protected":false},"excerpt":{"rendered":"<p>Dom Walmor Oliveira celebrar\u00e1 missa A Sociedade de S\u00e3o Vicente de Paulo, por meio do Conselho Metropolitano de Belo Horizonte (MG), promover\u00e1 a 45\u00aa Romaria Vicentina ao Santu\u00e1rio de Nossa Senhora da Piedade, em Caet\u00e9 (MG). Realizada desde 1971, este ano, a peregrina\u00e7\u00e3o acontece em uma data especial &#8211; no mesmo dia em que \u00e9 [&hellip;]<\/p>\n","protected":false},"author":1,"featured_media":16194,"comment_status":"open","ping_status":"open","sticky":false,"template":"","format":"standard","meta":{"footnotes":""},"categories":[7],"tags":[],"class_list":["post-16195","post","type-post","status-publish","format-standard","has-post-thumbnail","hentry","category-cnbb"],"_links":{"self":[{"href":"https:\/\/catolicanet.net\/wp-cnet\/wp-json\/wp\/v2\/posts\/16195","targetHints":{"allow":["GET"]}}],"collection":[{"href":"https:\/\/catolicanet.net\/wp-cnet\/wp-json\/wp\/v2\/posts"}],"about":[{"href":"https:\/\/catolicanet.net\/wp-cnet\/wp-json\/wp\/v2\/types\/post"}],"author":[{"embeddable":true,"href":"https:\/\/catolicanet.net\/wp-cnet\/wp-json\/wp\/v2\/users\/1"}],"replies":[{"embeddable":true,"href":"https:\/\/catolicanet.net\/wp-cnet\/wp-json\/wp\/v2\/comments?post=16195"}],"version-history":[{"count":1,"href":"https:\/\/catolicanet.net\/wp-cnet\/wp-json\/wp\/v2\/posts\/16195\/revisions"}],"predecessor-version":[{"id":23568,"href":"https:\/\/catolicanet.net\/wp-cnet\/wp-json\/wp\/v2\/posts\/16195\/revisions\/23568"}],"wp:featuredmedia":[{"embeddable":true,"href":"https:\/\/catolicanet.net\/wp-cnet\/wp-json\/wp\/v2\/media\/16194"}],"wp:attachment":[{"href":"https:\/\/catolicanet.net\/wp-cnet\/wp-json\/wp\/v2\/media?parent=16195"}],"wp:term":[{"taxonomy":"category","embeddable":true,"href":"https:\/\/catolicanet.net\/wp-cnet\/wp-json\/wp\/v2\/categories?post=16195"},{"taxonomy":"post_tag","embeddable":true,"href":"https:\/\/catolicanet.net\/wp-cnet\/wp-json\/wp\/v2\/tags?post=16195"}],"curies":[{"name":"wp","href":"https:\/\/api.w.org\/{rel}","templated":true}]}}