{"id":16193,"date":"2016-07-13T12:51:12","date_gmt":"2016-07-13T15:51:12","guid":{"rendered":"http:\/\/catolicanet.net\/wp-cnet\/2016\/07\/13\/escola-de-liturgia-da-amazonia-realiza-segunda-etapa-de-formacao\/"},"modified":"2017-05-26T15:38:58","modified_gmt":"2017-05-26T18:38:58","slug":"escola-de-liturgia-da-amazonia-realiza-segunda-etapa-de-formacao","status":"publish","type":"post","link":"https:\/\/catolicanet.net\/wp-cnet\/escola-de-liturgia-da-amazonia-realiza-segunda-etapa-de-formacao\/","title":{"rendered":"Escola de Liturgia da Amaz\u00f4nia realiza segunda etapa de forma\u00e7\u00e3o"},"content":{"rendered":"<p style=\"text-align: justify;\"><img decoding=\"async\" src=\"http:\/\/www.catolicanet.com.br\/images\/stories\/noticias\/escola-liturgia-am-2.jpg\" border=\"0\" align=\"left\" \/>Celebra\u00e7\u00e3o dominical da Palavra foi um dos temas abordados<\/p>\n<p>Cerca de 70 agentes da Pastoral Lit\u00fargica participaram da segunda etapa da Escola de Capacita\u00e7\u00e3o e Atualiza\u00e7\u00e3o Lit\u00fargica para a Amaz\u00f4nia. O encontro ocorreu entre os dias 1\u00ba e 10 de julho, em Manaus (AM).<\/p>\n<p>Nesta segunda etapa, foi abordada a realidade de\u00a0 mais de 80% das comunidades da Amaz\u00f4nia, que celebram a eucaristia duas ou tr\u00eas vezes ao ano. <\/p>\n<p>Outras tem\u00e1ticas trabalhadas nesses dias foram o Ano Lit\u00fargico; a Introdu\u00e7\u00e3o aos sacramentos e os sacramentos da inicia\u00e7\u00e3o \u00e0 vida crist\u00e3; Introdu\u00e7\u00e3o aos sacramentais e as b\u00ean\u00e7\u00e3os.<\/p>\n<p>De acordo com o assessor da Comiss\u00e3o Episcopal Pastoral para a Liturgia da Confer\u00eancia Nacional dos Bispos do Brasil (CNBB), frei Faustino Paludo, os participantes destacaram, al\u00e9m dos conte\u00fados ministrados, a metodologia empregada pelos assessores, em particular as viv\u00eancias.<\/p>\n<p>Segundo frei Faustino, o projeto de forma\u00e7\u00e3o lit\u00fargica na Amaz\u00f4nia tem por objetivo iniciar os agentes de pastoral das comunidades na perspectiva de uma liturgia mission\u00e1ria e inculturada. \u201cA Escola de Liturgia visa atender as solicita\u00e7\u00f5es das Igrejas locais empenhadas na qualifica\u00e7\u00e3o dos agentes de evangeliza\u00e7\u00e3o \u00e0 servi\u00e7o da vida em terras e \u00e1guas amaz\u00f4nicas\u201d, conta.<\/p>\n<p>A Escola tamb\u00e9m pretende proporcionar estudo aprofundado da liturgia, segundo o Concilio Vaticano II, os documentos e orienta\u00e7\u00f5es da Igreja do Brasil e da Amaz\u00f4nia, para os agentes das prelazias e dioceses do regional Norte 1 da CNBB e capacitar multiplicadores com a finalidade de compor, articular e promover uma melhor assessoria teol\u00f3gica lit\u00fargica nas prelazias e dioceses.<\/p>\n<p>A terceira etapa da Escola de Liturgia acontecer\u00e1 de 25 de fevereiro a 5 de mar\u00e7o de 2017, tamb\u00e9m em Manaus. <\/p>\n<p>A organiza\u00e7\u00e3o da Escola \u00e9 pelo Instituto de Teologia, Pastoral e Ensino Superior da Amaz\u00f4nia (Itepes), em parceira com o regional Norte 1 da CNBB, as Comiss\u00f5es Episcopais para Amaz\u00f4nia e para Liturgia da CNBB e a Congrega\u00e7\u00e3o Religiosa das Pias Disc\u00edpulas do Divino Mestre. A coordena\u00e7\u00e3o \u00e9 composta pelo diretor executivo do Itepes, padre Raimundo Vanthuy Neto, pelas religiosas irm\u00e3 C\u00e9lia e irm\u00e3 Gra\u00e7a, al\u00e9m de leigos da arquidiocese de Manaus e da prelazia de Tef\u00e9 (AM).<\/p>\n<p style=\"text-align: justify;\">\u00a0<\/p>\n<p style=\"text-align: justify;\">Fonte: CNBB<\/p>\n","protected":false},"excerpt":{"rendered":"<p>Celebra\u00e7\u00e3o dominical da Palavra foi um dos temas abordados Cerca de 70 agentes da Pastoral Lit\u00fargica participaram da segunda etapa da Escola de Capacita\u00e7\u00e3o e Atualiza\u00e7\u00e3o Lit\u00fargica para a Amaz\u00f4nia. O encontro ocorreu entre os dias 1\u00ba e 10 de julho, em Manaus (AM). Nesta segunda etapa, foi abordada a realidade de\u00a0 mais de 80% [&hellip;]<\/p>\n","protected":false},"author":1,"featured_media":16192,"comment_status":"open","ping_status":"open","sticky":false,"template":"","format":"standard","meta":{"footnotes":""},"categories":[7],"tags":[],"class_list":["post-16193","post","type-post","status-publish","format-standard","has-post-thumbnail","hentry","category-cnbb"],"_links":{"self":[{"href":"https:\/\/catolicanet.net\/wp-cnet\/wp-json\/wp\/v2\/posts\/16193","targetHints":{"allow":["GET"]}}],"collection":[{"href":"https:\/\/catolicanet.net\/wp-cnet\/wp-json\/wp\/v2\/posts"}],"about":[{"href":"https:\/\/catolicanet.net\/wp-cnet\/wp-json\/wp\/v2\/types\/post"}],"author":[{"embeddable":true,"href":"https:\/\/catolicanet.net\/wp-cnet\/wp-json\/wp\/v2\/users\/1"}],"replies":[{"embeddable":true,"href":"https:\/\/catolicanet.net\/wp-cnet\/wp-json\/wp\/v2\/comments?post=16193"}],"version-history":[{"count":1,"href":"https:\/\/catolicanet.net\/wp-cnet\/wp-json\/wp\/v2\/posts\/16193\/revisions"}],"predecessor-version":[{"id":23569,"href":"https:\/\/catolicanet.net\/wp-cnet\/wp-json\/wp\/v2\/posts\/16193\/revisions\/23569"}],"wp:featuredmedia":[{"embeddable":true,"href":"https:\/\/catolicanet.net\/wp-cnet\/wp-json\/wp\/v2\/media\/16192"}],"wp:attachment":[{"href":"https:\/\/catolicanet.net\/wp-cnet\/wp-json\/wp\/v2\/media?parent=16193"}],"wp:term":[{"taxonomy":"category","embeddable":true,"href":"https:\/\/catolicanet.net\/wp-cnet\/wp-json\/wp\/v2\/categories?post=16193"},{"taxonomy":"post_tag","embeddable":true,"href":"https:\/\/catolicanet.net\/wp-cnet\/wp-json\/wp\/v2\/tags?post=16193"}],"curies":[{"name":"wp","href":"https:\/\/api.w.org\/{rel}","templated":true}]}}