{"id":16185,"date":"2016-07-13T12:22:34","date_gmt":"2016-07-13T15:22:34","guid":{"rendered":"http:\/\/catolicanet.net\/wp-cnet\/2016\/07\/13\/papa-francisco-nomeia-bispos-para-santa-cruz-do-sul-e-nazare\/"},"modified":"2017-05-26T15:43:10","modified_gmt":"2017-05-26T18:43:10","slug":"papa-francisco-nomeia-bispos-para-santa-cruz-do-sul-e-nazare","status":"publish","type":"post","link":"https:\/\/catolicanet.net\/wp-cnet\/papa-francisco-nomeia-bispos-para-santa-cruz-do-sul-e-nazare\/","title":{"rendered":"Papa Francisco nomeia bispos para Santa Cruz do Sul e Nazar\u00e9"},"content":{"rendered":"<p style=\"text-align: justify;\"><img decoding=\"async\" src=\"http:\/\/www.catolicanet.com.br\/images\/stories\/bispos\/bisposnomeados.jpg\" border=\"0\" align=\"left\" \/>Dioceses estavam vacantes<\/p>\n<p>O papa Francisco nomeou, nesta quarta-feira, 13 de julho, dom Alo\u00edsio Alberto Dilli (\u00e0 esquerda na foto) como bispo da diocese de Santa Cruz do Sul (RS), e dom Francisco de Assis Dantas de Lucena (\u00e0 direita) como bispo da diocese de Nazar\u00e9 (PE).<\/p>\n<p>Neste ato, dom Alo\u00edsio foi transferido da sede episcopal de Uruguaiana (RS). Dom Francisco, por sua vez, da diocese de Guarabira (PB).<br \/>Trajet\u00f3rias<\/p>\n<p>Dom Alo\u00edsio Alberto Dilli \u00e9 natural de\u00a0 Boa Vista (RS). Fez sua profiss\u00e3o religiosa na Ordem dos Frades Menores em outubro de 1975. Sua ordena\u00e7\u00e3o presbiteral foi em Po\u00e7o das Antas (RS), em\u00a0 janeiro de 1977. Na mesma cidade foi ordenado bispo, em setembro de 2007.<\/p>\n<p>Dom Alberto Dilli cursou Filosofia na Faculdade Nossa Senhora da Concei\u00e7\u00e3o, em Viam\u00e3o (RS), e Teologia na Pontif\u00edcia Universidade Cat\u00f3lica do Rio Grande do Sul. Possui mestrado em Liturgia, pelo Pontif\u00edcio Instituto Lit\u00fargico Santo Anselmo, em Roma. Atualmente, \u00e9 membro da Comiss\u00e3o Episcopal para os Textos Lit\u00fargicos (Cetel).<\/p>\n<p>Dom Francisco de Assis Dantas de Lucena \u00e9 natural de Jardim do Serid\u00f3 (RN). Sua ordena\u00e7\u00e3o presbiteral foi\u00a0 julho de 1991, em Caic\u00f3 (RN), mesmo local onde foi ordenado bispo em agosto de 2008.<\/p>\n<p>Formado em Filosofia e Teologia pelo Semin\u00e1rio Arquidiocesano de S\u00e3o Jos\u00e9 (RJ), dom Lucena tem especializa\u00e7\u00e3o em Lingu\u00edstica e Ensino da L\u00edngua Materna pela Universidade Federal do Rio Grande do Norte.<\/p>\n<p>No regional Nordeste 2 da Confer\u00eancia Nacional dos Bispos do Brasil (CNBB), dom Francisco foi moderador do Tribunal Eclesi\u00e1stico, coordenador da Equipe Permanente de Campanhas, membro do Conselho Econ\u00f4mico do Conselho Episcopal, bispo referencial da C\u00e1ritas, secret\u00e1rio regional. Foi tamb\u00e9m membro efetivo da Comiss\u00e3o dos Tribunais Eclesi\u00e1sticos de Segunda Inst\u00e2ncia da CNBB.<\/p>\n<p style=\"text-align: justify;\">\u00a0<\/p>\n<p style=\"text-align: justify;\">Fonte: CNBB<\/p>\n","protected":false},"excerpt":{"rendered":"<p>Dioceses estavam vacantes O papa Francisco nomeou, nesta quarta-feira, 13 de julho, dom Alo\u00edsio Alberto Dilli (\u00e0 esquerda na foto) como bispo da diocese de Santa Cruz do Sul (RS), e dom Francisco de Assis Dantas de Lucena (\u00e0 direita) como bispo da diocese de Nazar\u00e9 (PE). Neste ato, dom Alo\u00edsio foi transferido da sede [&hellip;]<\/p>\n","protected":false},"author":1,"featured_media":16184,"comment_status":"open","ping_status":"open","sticky":false,"template":"","format":"standard","meta":{"footnotes":""},"categories":[7],"tags":[],"class_list":["post-16185","post","type-post","status-publish","format-standard","has-post-thumbnail","hentry","category-cnbb"],"_links":{"self":[{"href":"https:\/\/catolicanet.net\/wp-cnet\/wp-json\/wp\/v2\/posts\/16185","targetHints":{"allow":["GET"]}}],"collection":[{"href":"https:\/\/catolicanet.net\/wp-cnet\/wp-json\/wp\/v2\/posts"}],"about":[{"href":"https:\/\/catolicanet.net\/wp-cnet\/wp-json\/wp\/v2\/types\/post"}],"author":[{"embeddable":true,"href":"https:\/\/catolicanet.net\/wp-cnet\/wp-json\/wp\/v2\/users\/1"}],"replies":[{"embeddable":true,"href":"https:\/\/catolicanet.net\/wp-cnet\/wp-json\/wp\/v2\/comments?post=16185"}],"version-history":[{"count":1,"href":"https:\/\/catolicanet.net\/wp-cnet\/wp-json\/wp\/v2\/posts\/16185\/revisions"}],"predecessor-version":[{"id":23573,"href":"https:\/\/catolicanet.net\/wp-cnet\/wp-json\/wp\/v2\/posts\/16185\/revisions\/23573"}],"wp:featuredmedia":[{"embeddable":true,"href":"https:\/\/catolicanet.net\/wp-cnet\/wp-json\/wp\/v2\/media\/16184"}],"wp:attachment":[{"href":"https:\/\/catolicanet.net\/wp-cnet\/wp-json\/wp\/v2\/media?parent=16185"}],"wp:term":[{"taxonomy":"category","embeddable":true,"href":"https:\/\/catolicanet.net\/wp-cnet\/wp-json\/wp\/v2\/categories?post=16185"},{"taxonomy":"post_tag","embeddable":true,"href":"https:\/\/catolicanet.net\/wp-cnet\/wp-json\/wp\/v2\/tags?post=16185"}],"curies":[{"name":"wp","href":"https:\/\/api.w.org\/{rel}","templated":true}]}}