{"id":16176,"date":"2016-07-12T16:34:11","date_gmt":"2016-07-12T19:34:11","guid":{"rendered":"http:\/\/catolicanet.net\/wp-cnet\/2016\/07\/12\/abertas-novas-turmas-para-o-curso-a-comunicacao-na-acao-evangelizadora\/"},"modified":"2017-05-31T10:03:19","modified_gmt":"2017-05-31T13:03:19","slug":"abertas-novas-turmas-para-o-curso-a-comunicacao-na-acao-evangelizadora","status":"publish","type":"post","link":"https:\/\/catolicanet.net\/wp-cnet\/abertas-novas-turmas-para-o-curso-a-comunicacao-na-acao-evangelizadora\/","title":{"rendered":"Abertas novas turmas para o curso \u201cA Comunica\u00e7\u00e3o na A\u00e7\u00e3o Evangelizadora\u201d"},"content":{"rendered":"<p style=\"text-align: justify;\"><img decoding=\"async\" src=\"http:\/\/www.catolicanet.com.br\/images\/stories\/noticias\/falso-padre.png\" border=\"0\" align=\"left\" \/>Este curso \u00e9 um aprofundamento do Diret\u00f3rio de Comunica\u00e7\u00e3o da Igreja no Brasil, realizado pela CNBB em parceria com a EAD S\u00e9culo 21<\/p>\n<p>O curso \u201cA Comunica\u00e7\u00e3o na A\u00e7\u00e3o Evangelizadora &#8211; Aprofundamento do Diret\u00f3rio de Comunica\u00e7\u00e3o da Igreja no Brasil\u201d \u00e9 um sucesso! Nas primeiras turmas, s\u00e3o mais de 300 alunos inscritos. Agora, em virtude da procura pelo curso e da realiza\u00e7\u00e3o do 5\u00ba Encontro Nacional da Pastoral da Comunica\u00e7\u00e3o, em Aparecida (SP), entre os dias 14 e 17 de julho, as inscri\u00e7\u00f5es est\u00e3o abertas para novas turmas.<br \/>Para se inscrever, basta acessar o site www.rs21.com.br\/pascom e escolher entre as op\u00e7\u00f5es dispon\u00edveis de pacotes individuais ou em grupos. Os valores podem ser consultados direto no site.<br \/>O curso \u00e9 fruto de uma parceria entre a Comiss\u00e3o Episcopal Pastoral para a Comunica\u00e7\u00e3o da CNBB e a Educa\u00e7\u00e3o a Dist\u00e2ncia S\u00e9culo 21. O lan\u00e7amento do curso foi realizado durante o 9\u00ba Mutir\u00e3o Brasileiro de Comunica\u00e7\u00e3o, em Vit\u00f3ria (ES), em 2015.<br \/>De acordo com o Assessor da Comiss\u00e3o para a Comunica\u00e7\u00e3o da CNBB, Pe. Xavier Batista, este curso \u00e9 um verdadeiro \u201ctreinamento para padres, bispos, agentes de pastoral e funcion\u00e1rios de empresas de comunica\u00e7\u00e3o\u201d. O curso amplia o entendimento sobre o conte\u00fado apresentado nas mais de 180 p\u00e1ginas do Diret\u00f3rio, que foi constru\u00eddo pela Comiss\u00e3o de Comunica\u00e7\u00e3o da CNBB. O Livro foi elaborado com mais de 13 anos de trabalho e contou com a colabora\u00e7\u00e3o de agentes da Pascom, Bispos e especialistas em comunica\u00e7\u00e3o. Agora, o acesso ao material de forma\u00e7\u00e3o da CNBB ser\u00e1 poss\u00edvel para todos os p\u00fablicos, com aulas \u201conline\u201d, por meio da plataforma de cursos a dist\u00e2ncia.<\/p>\n<p>Informa\u00e7\u00f5es sobre o Curso \u201cA Comunica\u00e7\u00e3o na A\u00e7\u00e3o Evangelizadora\u201d<br \/>As aulas do curso \u201cA Comunica\u00e7\u00e3o na A\u00e7\u00e3o Evangelizadora\u201d foram gravadas por especialistas em comunica\u00e7\u00e3o, catequese e Igreja, como a Irm\u00e3 \u00c9lide Fogolari, Pe. Cl\u00f3vis Andrade de Melo; os jornalistas Everton Barbosa e Ir. Diego Joaquim, C.Ss.R; a Doutora em Teologia, Irm\u00e3 Vera Ivanise Bombonatto,fsp; a Doutora em Comunica\u00e7\u00e3o, Rosane da Silva Borges; Rachel Abdalla, Presidente da Associa\u00e7\u00e3o Cat\u00f3lica Pequeninos do Senhor; e outros convidados comunicadores do Brasil.<br \/>O curso \u00e9 indicado para: agentes da Pastoral da Comunica\u00e7\u00e3o; funcion\u00e1rios de TVs, r\u00e1dios, revistas, jornais, webtvs, webr\u00e1dios; bispos, padres e religiosos; pesquisadores, membros de comunidades e leigos que trabalham em qualquer tipo de pastoral que utiliza dos meios de comunica\u00e7\u00e3o.<br \/>O curso ter\u00e1 carga hor\u00e1ria de 162 horas, com conte\u00fado multim\u00eddia, dividido em nove m\u00f3dulos:<br \/>1.\u00a0\u00a0\u00a0 A comunica\u00e7\u00e3o numa perspectiva global;<br \/>2.\u00a0\u00a0\u00a0 Apresenta\u00e7\u00e3o geral do Diret\u00f3rio de Comunica\u00e7\u00e3o da Igreja no Brasil;<br \/>3.\u00a0\u00a0\u00a0 Fundamenta\u00e7\u00e3o b\u00edblico-teol\u00f3gica da comunica\u00e7\u00e3o;<br \/>4.\u00a0\u00a0\u00a0 Espiritualidade do comunicador;<br \/>5.\u00a0\u00a0\u00a0 Pastoral digital: a evangeliza\u00e7\u00e3o na web;<br \/>6.\u00a0\u00a0\u00a0 Comunica\u00e7\u00e3o na Liturgia: comunicar bem para celebrar bem;<br \/>7.\u00a0\u00a0\u00a0 Comunica\u00e7\u00e3o na Catequese;<br \/>8.\u00a0\u00a0\u00a0 Pr\u00e1ticas educomunicativas nos seus v\u00e1rios \u00e2mbitos;<br \/>9.\u00a0\u00a0\u00a0 Pastoral da Comunica\u00e7\u00e3o: fundamentos e pr\u00e1ticas.<\/p>\n<p>Ap\u00f3s conclus\u00e3o de todos os m\u00f3dulos, o aluno receber\u00e1 o certificado de conclus\u00e3o com Extens\u00e3o Universit\u00e1ria pelo Centro Universit\u00e1rio Claretiano.<\/p>\n<p>SERVI\u00c7O:<br \/>Abertas novas turmas do curso \u201cA Comunica\u00e7\u00e3o na A\u00e7\u00e3o Evangelizadora\u201d<br \/>P\u00fablico alvo: agentes da Pastoral da Comunica\u00e7\u00e3o; funcion\u00e1rios de TVs, r\u00e1dios, revistas, jornais, webtvs, webr\u00e1dios; bispos, padres e religiosos; pesquisadores, membros de comunidades e leigos que trabalham em qualquer tipo de pastoral que lida com os meios de comunica\u00e7\u00e3o;<br \/>Formato: online;<br \/>Inscri\u00e7\u00f5es: www.rs21.com.br\/pascom <br \/>Realiza\u00e7\u00e3o: CNBB e EAD S\u00e9culo 21<br \/>Chamada em v\u00eddeo: https:\/\/www.youtube.com\/watch?v=ItHnV20ksoU<\/p>\n<p style=\"text-align: justify;\">\u00a0<\/p>\n<p style=\"text-align: justify;\">Fonte: Aleteia<\/p>\n","protected":false},"excerpt":{"rendered":"<p>Este curso \u00e9 um aprofundamento do Diret\u00f3rio de Comunica\u00e7\u00e3o da Igreja no Brasil, realizado pela CNBB em parceria com a EAD S\u00e9culo 21 O curso \u201cA Comunica\u00e7\u00e3o na A\u00e7\u00e3o Evangelizadora &#8211; Aprofundamento do Diret\u00f3rio de Comunica\u00e7\u00e3o da Igreja no Brasil\u201d \u00e9 um sucesso! Nas primeiras turmas, s\u00e3o mais de 300 alunos inscritos. Agora, em virtude [&hellip;]<\/p>\n","protected":false},"author":1,"featured_media":16174,"comment_status":"open","ping_status":"open","sticky":false,"template":"","format":"standard","meta":{"footnotes":""},"categories":[4],"tags":[],"class_list":["post-16176","post","type-post","status-publish","format-standard","has-post-thumbnail","hentry","category-cotidiano"],"_links":{"self":[{"href":"https:\/\/catolicanet.net\/wp-cnet\/wp-json\/wp\/v2\/posts\/16176","targetHints":{"allow":["GET"]}}],"collection":[{"href":"https:\/\/catolicanet.net\/wp-cnet\/wp-json\/wp\/v2\/posts"}],"about":[{"href":"https:\/\/catolicanet.net\/wp-cnet\/wp-json\/wp\/v2\/types\/post"}],"author":[{"embeddable":true,"href":"https:\/\/catolicanet.net\/wp-cnet\/wp-json\/wp\/v2\/users\/1"}],"replies":[{"embeddable":true,"href":"https:\/\/catolicanet.net\/wp-cnet\/wp-json\/wp\/v2\/comments?post=16176"}],"version-history":[{"count":1,"href":"https:\/\/catolicanet.net\/wp-cnet\/wp-json\/wp\/v2\/posts\/16176\/revisions"}],"predecessor-version":[{"id":25586,"href":"https:\/\/catolicanet.net\/wp-cnet\/wp-json\/wp\/v2\/posts\/16176\/revisions\/25586"}],"wp:featuredmedia":[{"embeddable":true,"href":"https:\/\/catolicanet.net\/wp-cnet\/wp-json\/wp\/v2\/media\/16174"}],"wp:attachment":[{"href":"https:\/\/catolicanet.net\/wp-cnet\/wp-json\/wp\/v2\/media?parent=16176"}],"wp:term":[{"taxonomy":"category","embeddable":true,"href":"https:\/\/catolicanet.net\/wp-cnet\/wp-json\/wp\/v2\/categories?post=16176"},{"taxonomy":"post_tag","embeddable":true,"href":"https:\/\/catolicanet.net\/wp-cnet\/wp-json\/wp\/v2\/tags?post=16176"}],"curies":[{"name":"wp","href":"https:\/\/api.w.org\/{rel}","templated":true}]}}